{"id":5737,"date":"2026-09-02T17:00:31","date_gmt":"2026-09-02T15:00:31","guid":{"rendered":"https:\/\/bcch.com\/?p=5737"},"modified":"2026-09-02T18:59:59","modified_gmt":"2026-09-02T16:59:59","slug":"firstmed-joins-the-spar-budapest-marathon-festival","status":"publish","type":"post","link":"https:\/\/bcch.com\/?p=5737","title":{"rendered":"FirstMed Joins the SPAR Budapest Marathon Festival"},"content":{"rendered":"<p>[et_pb_section fb_built=&#8221;1&#8243; _builder_version=&#8221;4.27.6&#8243; _module_preset=&#8221;default&#8221; global_colors_info=&#8221;{}&#8221;][et_pb_row _builder_version=&#8221;4.27.6&#8243; _module_preset=&#8221;default&#8221; global_colors_info=&#8221;{}&#8221;][et_pb_column type=&#8221;4_4&#8243; _builder_version=&#8221;4.27.6&#8243; _module_preset=&#8221;default&#8221; global_colors_info=&#8221;{}&#8221;][et_pb_text _builder_version=&#8221;4.27.6&#8243; _module_preset=&#8221;default&#8221; hover_enabled=&#8221;0&#8243; global_colors_info=&#8221;{}&#8221; sticky_enabled=&#8221;0&#8243;]<\/p>\n<div dir=\"ltr\">\n<p>FirstMed, the English-speaking private clinic in Budapest, is taking part in this year&#8217;s SPAR Budapest Marathon\u00ae. The team is setting up a tent\u00a0<span>with<\/span>\u00a0free five-minute health checks for runners and supporters, and colleagues from its Budapest, Rome, and Milan clinics will be running together.<\/p>\n<p>Read how FirstMed is bringing everyday health out of the clinic and into the community on\u00a0<a href=\"https:\/\/firstmed.hu\/firstmed-joins-the-spar-budapest-marathon\/?utm_source=bcch&amp;utm_medium=referral&amp;utm_campaign=spar-budapest-marathon-sep26&amp;utm_content=blog\" target=\"_blank\" data-saferedirecturl=\"https:\/\/www.google.com\/url?q=http:\/\/firstmed.hu\/&amp;source=gmail&amp;ust=1788454716011000&amp;usg=AOvVaw1uNN5STYcBM0sP3ueO-t6U\" rel=\"noopener\">firstmed.hu<\/a>.<\/div>\n<p>[\/et_pb_text][\/et_pb_column][\/et_pb_row][\/et_pb_section]<\/p>\n","protected":false},"excerpt":{"rendered":"<p>FirstMed, the English-speaking private clinic in Budapest, is taking part in this year&#8217;s SPAR Budapest Marathon\u00ae. The team is setting up a tent\u00a0with\u00a0free five-minute health checks for runners and supporters, and colleagues from its Budapest, Rome, and Milan clinics will be running together. Read how FirstMed is bringing everyday health out of the clinic and [&hellip;]<\/p>\n","protected":false},"author":2,"featured_media":5745,"comment_status":"closed","ping_status":"open","sticky":false,"template":"","format":"standard","meta":{"_et_pb_use_builder":"on","_et_pb_old_content":"","_et_gb_content_width":"","footnotes":""},"categories":[9],"tags":[],"class_list":["post-5737","post","type-post","status-publish","format-standard","has-post-thumbnail","hentry","category-bcch-news"],"yoast_head":"<!-- This site is optimized with the Yoast SEO plugin v24.7 - https:\/\/yoast.com\/wordpress\/plugins\/seo\/ -->\n<title>FirstMed Joins the SPAR Budapest Marathon Festival - BCCH<\/title>\n<meta name=\"robots\" content=\"index, follow, max-snippet:-1, max-image-preview:large, max-video-preview:-1\" \/>\n<link rel=\"canonical\" href=\"https:\/\/bcch.com\/?p=5737\" \/>\n<meta property=\"og:locale\" content=\"en_GB\" \/>\n<meta property=\"og:type\" content=\"article\" \/>\n<meta property=\"og:title\" content=\"FirstMed Joins the SPAR Budapest Marathon Festival - BCCH\" \/>\n<meta property=\"og:description\" content=\"FirstMed, the English-speaking private clinic in Budapest, is taking part in this year&#039;s SPAR Budapest Marathon\u00ae. The team is setting up a tent\u00a0with\u00a0free five-minute health checks for runners and supporters, and colleagues from its Budapest, Rome, and Milan clinics will be running together. Read how FirstMed is bringing everyday health out of the clinic and [&hellip;]\" \/>\n<meta property=\"og:url\" content=\"https:\/\/bcch.com\/?p=5737\" \/>\n<meta property=\"og:site_name\" content=\"BCCH\" \/>\n<meta property=\"article:published_time\" content=\"2026-09-02T15:00:31+00:00\" \/>\n<meta property=\"article:modified_time\" content=\"2026-09-02T16:59:59+00:00\" \/>\n<meta property=\"og:image\" content=\"https:\/\/bcch.com\/wp-content\/uploads\/2026\/09\/FirstMed-SPAR-Budapest-Marathon.jpg\" \/>\n\t<meta property=\"og:image:width\" content=\"820\" \/>\n\t<meta property=\"og:image:height\" content=\"480\" \/>\n\t<meta property=\"og:image:type\" content=\"image\/jpeg\" \/>\n<meta name=\"author\" content=\"Sch\u00e4ffer G\u00e1bor\" \/>\n<meta name=\"twitter:card\" content=\"summary_large_image\" \/>\n<meta name=\"twitter:label1\" content=\"Written by\" \/>\n\t<meta name=\"twitter:data1\" content=\"Sch\u00e4ffer G\u00e1bor\" \/>\n\t<meta name=\"twitter:label2\" content=\"Estimated reading time\" \/>\n\t<meta name=\"twitter:data2\" content=\"1 minute\" \/>\n<script type=\"application\/ld+json\" class=\"yoast-schema-graph\">{\"@context\":\"https:\/\/schema.org\",\"@graph\":[{\"@type\":\"WebPage\",\"@id\":\"https:\/\/bcch.com\/?p=5737\",\"url\":\"https:\/\/bcch.com\/?p=5737\",\"name\":\"FirstMed Joins the SPAR Budapest Marathon Festival - BCCH\",\"isPartOf\":{\"@id\":\"https:\/\/bcch.com\/#website\"},\"primaryImageOfPage\":{\"@id\":\"https:\/\/bcch.com\/?p=5737#primaryimage\"},\"image\":{\"@id\":\"https:\/\/bcch.com\/?p=5737#primaryimage\"},\"thumbnailUrl\":\"https:\/\/bcch.com\/wp-content\/uploads\/2026\/09\/FirstMed-SPAR-Budapest-Marathon.jpg\",\"datePublished\":\"2026-09-02T15:00:31+00:00\",\"dateModified\":\"2026-09-02T16:59:59+00:00\",\"author\":{\"@id\":\"https:\/\/bcch.com\/#\/schema\/person\/996696d08a3bddd94deb2e731bac037e\"},\"breadcrumb\":{\"@id\":\"https:\/\/bcch.com\/?p=5737#breadcrumb\"},\"inLanguage\":\"en-GB\",\"potentialAction\":[{\"@type\":\"ReadAction\",\"target\":[\"https:\/\/bcch.com\/?p=5737\"]}]},{\"@type\":\"ImageObject\",\"inLanguage\":\"en-GB\",\"@id\":\"https:\/\/bcch.com\/?p=5737#primaryimage\",\"url\":\"https:\/\/bcch.com\/wp-content\/uploads\/2026\/09\/FirstMed-SPAR-Budapest-Marathon.jpg\",\"contentUrl\":\"https:\/\/bcch.com\/wp-content\/uploads\/2026\/09\/FirstMed-SPAR-Budapest-Marathon.jpg\",\"width\":820,\"height\":480},{\"@type\":\"BreadcrumbList\",\"@id\":\"https:\/\/bcch.com\/?p=5737#breadcrumb\",\"itemListElement\":[{\"@type\":\"ListItem\",\"position\":1,\"name\":\"Home\",\"item\":\"https:\/\/bcch.com\/\"},{\"@type\":\"ListItem\",\"position\":2,\"name\":\"FirstMed Joins the SPAR Budapest Marathon Festival\"}]},{\"@type\":\"WebSite\",\"@id\":\"https:\/\/bcch.com\/#website\",\"url\":\"https:\/\/bcch.com\/\",\"name\":\"BCCH\",\"description\":\"British Chamber of Commerce in Hungary\",\"potentialAction\":[{\"@type\":\"SearchAction\",\"target\":{\"@type\":\"EntryPoint\",\"urlTemplate\":\"https:\/\/bcch.com\/?s={search_term_string}\"},\"query-input\":{\"@type\":\"PropertyValueSpecification\",\"valueRequired\":true,\"valueName\":\"search_term_string\"}}],\"inLanguage\":\"en-GB\"},{\"@type\":\"Person\",\"@id\":\"https:\/\/bcch.com\/#\/schema\/person\/996696d08a3bddd94deb2e731bac037e\",\"name\":\"Sch\u00e4ffer G\u00e1bor\",\"image\":{\"@type\":\"ImageObject\",\"inLanguage\":\"en-GB\",\"@id\":\"https:\/\/bcch.com\/#\/schema\/person\/image\/\",\"url\":\"https:\/\/secure.gravatar.com\/avatar\/73aa5048afd417c4060e997b0061306f34143217874d2e7953aad097b95e6a54?s=96&d=blank&r=g\",\"contentUrl\":\"https:\/\/secure.gravatar.com\/avatar\/73aa5048afd417c4060e997b0061306f34143217874d2e7953aad097b95e6a54?s=96&d=blank&r=g\",\"caption\":\"Sch\u00e4ffer G\u00e1bor\"},\"url\":\"https:\/\/bcch.com\/?author=2\"}]}<\/script>\n<!-- \/ Yoast SEO plugin. -->","yoast_head_json":{"title":"FirstMed Joins the SPAR Budapest Marathon Festival - BCCH","robots":{"index":"index","follow":"follow","max-snippet":"max-snippet:-1","max-image-preview":"max-image-preview:large","max-video-preview":"max-video-preview:-1"},"canonical":"https:\/\/bcch.com\/?p=5737","og_locale":"en_GB","og_type":"article","og_title":"FirstMed Joins the SPAR Budapest Marathon Festival - BCCH","og_description":"FirstMed, the English-speaking private clinic in Budapest, is taking part in this year's SPAR Budapest Marathon\u00ae. The team is setting up a tent\u00a0with\u00a0free five-minute health checks for runners and supporters, and colleagues from its Budapest, Rome, and Milan clinics will be running together. Read how FirstMed is bringing everyday health out of the clinic and [&hellip;]","og_url":"https:\/\/bcch.com\/?p=5737","og_site_name":"BCCH","article_published_time":"2026-09-02T15:00:31+00:00","article_modified_time":"2026-09-02T16:59:59+00:00","og_image":[{"width":820,"height":480,"url":"https:\/\/bcch.com\/wp-content\/uploads\/2026\/09\/FirstMed-SPAR-Budapest-Marathon.jpg","type":"image\/jpeg"}],"author":"Sch\u00e4ffer G\u00e1bor","twitter_card":"summary_large_image","twitter_misc":{"Written by":"Sch\u00e4ffer G\u00e1bor","Estimated reading time":"1 minute"},"schema":{"@context":"https:\/\/schema.org","@graph":[{"@type":"WebPage","@id":"https:\/\/bcch.com\/?p=5737","url":"https:\/\/bcch.com\/?p=5737","name":"FirstMed Joins the SPAR Budapest Marathon Festival - BCCH","isPartOf":{"@id":"https:\/\/bcch.com\/#website"},"primaryImageOfPage":{"@id":"https:\/\/bcch.com\/?p=5737#primaryimage"},"image":{"@id":"https:\/\/bcch.com\/?p=5737#primaryimage"},"thumbnailUrl":"https:\/\/bcch.com\/wp-content\/uploads\/2026\/09\/FirstMed-SPAR-Budapest-Marathon.jpg","datePublished":"2026-09-02T15:00:31+00:00","dateModified":"2026-09-02T16:59:59+00:00","author":{"@id":"https:\/\/bcch.com\/#\/schema\/person\/996696d08a3bddd94deb2e731bac037e"},"breadcrumb":{"@id":"https:\/\/bcch.com\/?p=5737#breadcrumb"},"inLanguage":"en-GB","potentialAction":[{"@type":"ReadAction","target":["https:\/\/bcch.com\/?p=5737"]}]},{"@type":"ImageObject","inLanguage":"en-GB","@id":"https:\/\/bcch.com\/?p=5737#primaryimage","url":"https:\/\/bcch.com\/wp-content\/uploads\/2026\/09\/FirstMed-SPAR-Budapest-Marathon.jpg","contentUrl":"https:\/\/bcch.com\/wp-content\/uploads\/2026\/09\/FirstMed-SPAR-Budapest-Marathon.jpg","width":820,"height":480},{"@type":"BreadcrumbList","@id":"https:\/\/bcch.com\/?p=5737#breadcrumb","itemListElement":[{"@type":"ListItem","position":1,"name":"Home","item":"https:\/\/bcch.com\/"},{"@type":"ListItem","position":2,"name":"FirstMed Joins the SPAR Budapest Marathon Festival"}]},{"@type":"WebSite","@id":"https:\/\/bcch.com\/#website","url":"https:\/\/bcch.com\/","name":"BCCH","description":"British Chamber of Commerce in Hungary","potentialAction":[{"@type":"SearchAction","target":{"@type":"EntryPoint","urlTemplate":"https:\/\/bcch.com\/?s={search_term_string}"},"query-input":{"@type":"PropertyValueSpecification","valueRequired":true,"valueName":"search_term_string"}}],"inLanguage":"en-GB"},{"@type":"Person","@id":"https:\/\/bcch.com\/#\/schema\/person\/996696d08a3bddd94deb2e731bac037e","name":"Sch\u00e4ffer G\u00e1bor","image":{"@type":"ImageObject","inLanguage":"en-GB","@id":"https:\/\/bcch.com\/#\/schema\/person\/image\/","url":"https:\/\/secure.gravatar.com\/avatar\/73aa5048afd417c4060e997b0061306f34143217874d2e7953aad097b95e6a54?s=96&d=blank&r=g","contentUrl":"https:\/\/secure.gravatar.com\/avatar\/73aa5048afd417c4060e997b0061306f34143217874d2e7953aad097b95e6a54?s=96&d=blank&r=g","caption":"Sch\u00e4ffer G\u00e1bor"},"url":"https:\/\/bcch.com\/?author=2"}]}},"_links":{"self":[{"href":"https:\/\/bcch.com\/index.php?rest_route=\/wp\/v2\/posts\/5737","targetHints":{"allow":["GET"]}}],"collection":[{"href":"https:\/\/bcch.com\/index.php?rest_route=\/wp\/v2\/posts"}],"about":[{"href":"https:\/\/bcch.com\/index.php?rest_route=\/wp\/v2\/types\/post"}],"author":[{"embeddable":true,"href":"https:\/\/bcch.com\/index.php?rest_route=\/wp\/v2\/users\/2"}],"replies":[{"embeddable":true,"href":"https:\/\/bcch.com\/index.php?rest_route=%2Fwp%2Fv2%2Fcomments&post=5737"}],"version-history":[{"count":4,"href":"https:\/\/bcch.com\/index.php?rest_route=\/wp\/v2\/posts\/5737\/revisions"}],"predecessor-version":[{"id":5748,"href":"https:\/\/bcch.com\/index.php?rest_route=\/wp\/v2\/posts\/5737\/revisions\/5748"}],"wp:featuredmedia":[{"embeddable":true,"href":"https:\/\/bcch.com\/index.php?rest_route=\/wp\/v2\/media\/5745"}],"wp:attachment":[{"href":"https:\/\/bcch.com\/index.php?rest_route=%2Fwp%2Fv2%2Fmedia&parent=5737"}],"wp:term":[{"taxonomy":"category","embeddable":true,"href":"https:\/\/bcch.com\/index.php?rest_route=%2Fwp%2Fv2%2Fcategories&post=5737"},{"taxonomy":"post_tag","embeddable":true,"href":"https:\/\/bcch.com\/index.php?rest_route=%2Fwp%2Fv2%2Ftags&post=5737"}],"curies":[{"name":"wp","href":"https:\/\/api.w.org\/{rel}","templated":true}]}}