{"id":414,"date":"2020-01-28T12:21:34","date_gmt":"2020-01-28T11:21:34","guid":{"rendered":"http:\/\/teszt1.bcch.com\/?p=414"},"modified":"2020-01-28T12:21:35","modified_gmt":"2020-01-28T11:21:35","slug":"ey-elite-bet-business-breakfast","status":"publish","type":"post","link":"https:\/\/bcch.com\/?p=414","title":{"rendered":"EY &#8211; ELITE &#8211; B\u00c9T \/\/ Business Breakfast"},"content":{"rendered":"\n<h2 class=\"wp-block-heading\"><\/h2>\n\n\n\n<p><strong>Date:<\/strong>&nbsp;October 3, 2019 9:00-11:00&nbsp;<br><strong>Venue:<\/strong>&nbsp;1054 Budapest, Szabads\u00e1g t\u00e9r 7.&nbsp;<br><strong>Important note:<\/strong>&nbsp;This event is only open to companies meeting the ELITE program criteria<br><\/p>\n\n\n\n<figure class=\"wp-block-image\"><img decoding=\"async\" src=\"https:\/\/www.bcch.com\/images\/newspictures\/btelite.png\" alt=\"\"\/><\/figure>\n\n\n\n<p><strong>Date:<\/strong><br>October 3, 2019 9:00-11:00<br>Registration opens at 8:45<\/p>\n\n\n\n<p><strong>Venue:<\/strong><br>Budapesti \u00c9rt\u00e9kt\u0151zsde<br>1054 Bp. Szabads\u00e1g t\u00e9r 7.<br><\/p>\n\n\n\n<p>The language of the event will be&nbsp;<strong>Hungarian&nbsp;<\/strong>and no translation will be provided.<\/p>\n\n\n\n<p>You can register via sending an email to&nbsp;<a href=\"mailto:elite@bse.hu\" target=\"_blank\" rel=\"noreferrer noopener\">elite@bse.hu<\/a>&nbsp;by 12:00, 25 September, 2019 the latest. Please note that registration is only open to companies that meet the criteria for the ELITE program.<\/p>\n\n\n\n<p><strong>Mit \u00e9rdemes tudni az MNB K\u00f6tv\u00e9nyprogramj\u00e1r\u00f3l?<\/strong><\/p>\n\n\n\n<p>A B\u00c9T 2016 \u0151sz\u00e9n k\u00f6t\u00f6tt egy\u00fcttm\u0171k\u00f6d\u00e9si meg\u00e1llapod\u00e1st a Londoni T\u0151zsde \u00e9gisze alatt 2012 \u00f3ta sikeresen m\u0171k\u00f6d\u0151 v\u00e1llalkoz\u00e1sfejleszt\u00e9si programmal. Az ELITE Programnak szerte Eur\u00f3p\u00e1b\u00f3l \u00e9s a tengerent\u00falr\u00f3l m\u00e1r t\u00f6bb mint 1100 c\u00e9g a tagja, k\u00f6zt\u00fck imm\u00e1ron 24 j\u00f3 magyar c\u00e9g is.<\/p>\n\n\n\n<p>Az EY Magyarorsz\u00e1g, a B\u00c9T \u00e9s a BCCH csapata ez\u00faton szeretn\u00e9 \u00d6nt megh\u00edvni egy k\u00f6tetlen hangulat\u00fa besz\u00e9lget\u00e9sre, ahol az MNB \u00faj k\u00f6tv\u00e9nyprogramj\u00e1val foglalkozunk, illetve szem\u00e9lyesen ismerkedhet meg az itthon kiz\u00e1r\u00f3lag a Budapesti \u00c9rt\u00e9kt\u0151zsd\u00e9n kereszt\u00fcl el\u00e9rhet\u0151 ELITE Program el\u0151nyeivel.<\/p>\n\n\n\n<p><em><strong>Szeretn\u00e9nk \u00d6nnel megosztani tapasztalatainkat egy \u00fczleti reggeli k\u00eds\u00e9ret\u00e9ben.<\/strong><\/em><\/p>\n\n\n\n<p>A besz\u00e9lget\u00e9s els\u0151 fel\u00e9ben az&nbsp;<strong>EY Magyarorsz\u00e1g<\/strong>&nbsp;tapasztalat szakemberei,&nbsp;<strong>dr. V\u00e1rszegi Sarolta \u00fcgyv\u00e9d \u00e9s Haas L\u00e1szl\u00f3<\/strong>&nbsp;<strong>a T\u0151ke \u00e9s Finansz\u00edroz\u00e1si Szolg\u00e1ltat\u00e1sok vezet\u0151je<\/strong>&nbsp;besz\u00e9l&nbsp;<em>a k\u00f6tv\u00e9nykibocs\u00e1t\u00e1s \u00e9s az azt megel\u0151z\u0151 rating folyamat elm\u00e9leti \u00e9s gyakorlati k\u00e9rd\u00e9seir\u0151l<\/em>, konkr\u00e9t p\u00e9ld\u00e1kon bemutatva a k\u00f6tv\u00e9ny szerep\u00e9t a v\u00e1llalatfinansz\u00edroz\u00e1sban, valamint a k\u00f6tv\u00e9nykibocs\u00e1t\u00e1s l\u00e9p\u00e9seit, a felmer\u00fcl\u0151 jogi k\u00e9rd\u00e9sek kezel\u00e9s\u00e9nek alternat\u00edv\u00e1it.<\/p>\n\n\n\n<p>A besz\u00e9lget\u00e9sben az EY Magyarorsz\u00e1g szakemberei mellett r\u00e9szt vesz az egyik magyar ELITE c\u00e9g k\u00e9pvisel\u0151je is.&nbsp;<strong>Varga Tam\u00e1s, a szallas.hu Kft. \u00fczletfejleszt\u00e9si vezet\u0151je<\/strong>&nbsp;<em>els\u0151 k\u00e9zb\u0151l ad \u00d6nnek inform\u00e1ci\u00f3t az ELITE Programr\u00f3l, az eddigi tapasztalatokr\u00f3l<\/em>. Arr\u00f3l, hogy megl\u00e1t\u00e1sa szerint hogyan \u00fcltethet\u0151 \u00e1t a c\u00e9g \u00e9let\u00e9be a Program sor\u00e1n elsaj\u00e1t\u00edtott ismeret, az ott megszerzett kapcsolati t\u0151ke.<\/p>\n\n\n\n<p>Mit tud az ELITE Program?<br>Az ELITE Program azokat a nagy n\u00f6veked\u00e9si potenci\u00e1llal rendelkez\u0151 v\u00e1llalkoz\u00e1sokat c\u00e9lozza meg, amelyek a terveik megval\u00f3s\u00edt\u00e1s\u00e1hoz k\u00fcls\u0151 finansz\u00edroz\u00e1s (EU-s forr\u00e1s, hitel, kock\u00e1zati t\u0151ke, mag\u00e1nt\u0151ke vagy ak\u00e1r t\u0151zsdei finansz\u00edroz\u00e1s) ig\u00e9nybev\u00e9tel\u00e9t tervezik, vagy v\u00e1llalatir\u00e1ny\u00edt\u00e1si ismereteiket szeretn\u00e9k b\u0151v\u00edteni, esetleg eg\u00e9sz egyszer\u0171en csak \u00fczletszerz\u00e9si lehet\u0151s\u00e9get keresnek, nemzetk\u00f6zi kapcsolatrendszer\u00fcket b\u0151v\u00edten\u00e9k.<\/p>\n\n\n\n<p><em>Az alkalmas v\u00e1llalatok sz\u00e1m\u00e1ra az ELITE Programban val\u00f3 r\u00e9szv\u00e9tel d\u00edja 100%-ban EU-s forr\u00e1sb\u00f3l finansz\u00edrozhat\u00f3.<\/em><\/p>\n\n\n\n<p><strong>Tal\u00e1lkozzunk 2019. okt\u00f3ber 3-\u00e1n, cs\u00fct\u00f6rt\u00f6k\u00f6n 8.45 \u00f3rakor! (9.00 \u2013 11.00)<\/strong><\/p>\n\n\n\n<p>A tal\u00e1lkoz\u00f3 helysz\u00edne: Budapesti \u00c9rt\u00e9kt\u0151zsde Zrt. (1054 Budapest, Szabads\u00e1g t\u00e9r 7.)<\/p>\n\n\n\n<h1 class=\"wp-block-heading\">Amennyiben alkalmas \u00d6nnek az id\u0151pont k\u00e9rem, r\u00e9szv\u00e9teli sz\u00e1nd\u00e9k\u00e1t jelezze az elite@bse.hu e-mail c\u00edmen 2019. szeptember 25-\u00e9n 12.00 \u00f3r\u00e1ig.<\/h1>\n","protected":false},"excerpt":{"rendered":"<p>Date:&nbsp;October 3, 2019 9:00-11:00&nbsp;Venue:&nbsp;1054 Budapest, Szabads\u00e1g t\u00e9r 7.&nbsp;Important note:&nbsp;This event is only open to companies meeting the ELITE program criteria Date:October 3, 2019 9:00-11:00Registration opens at 8:45 Venue:Budapesti \u00c9rt\u00e9kt\u0151zsde1054 Bp. Szabads\u00e1g t\u00e9r 7. The language of the event will be&nbsp;Hungarian&nbsp;and no translation will be provided. You can register via sending an email to&nbsp;elite@bse.hu&nbsp;by 12:00, 25 [&hellip;]<\/p>\n","protected":false},"author":1,"featured_media":0,"comment_status":"closed","ping_status":"open","sticky":false,"template":"","format":"standard","meta":{"_et_pb_use_builder":"off","_et_pb_old_content":"","_et_gb_content_width":"1080","footnotes":""},"categories":[4],"tags":[],"class_list":["post-414","post","type-post","status-publish","format-standard","hentry","category-events"],"yoast_head":"<!-- This site is optimized with the Yoast SEO plugin v24.7 - https:\/\/yoast.com\/wordpress\/plugins\/seo\/ -->\n<title>EY - ELITE - B\u00c9T \/\/ Business Breakfast - BCCH<\/title>\n<meta name=\"robots\" content=\"index, follow, max-snippet:-1, max-image-preview:large, max-video-preview:-1\" \/>\n<link rel=\"canonical\" href=\"https:\/\/bcch.com\/?p=414\" \/>\n<meta property=\"og:locale\" content=\"en_GB\" \/>\n<meta property=\"og:type\" content=\"article\" \/>\n<meta property=\"og:title\" content=\"EY - ELITE - B\u00c9T \/\/ Business Breakfast - BCCH\" \/>\n<meta property=\"og:description\" content=\"Date:&nbsp;October 3, 2019 9:00-11:00&nbsp;Venue:&nbsp;1054 Budapest, Szabads\u00e1g t\u00e9r 7.&nbsp;Important note:&nbsp;This event is only open to companies meeting the ELITE program criteria Date:October 3, 2019 9:00-11:00Registration opens at 8:45 Venue:Budapesti \u00c9rt\u00e9kt\u0151zsde1054 Bp. Szabads\u00e1g t\u00e9r 7. The language of the event will be&nbsp;Hungarian&nbsp;and no translation will be provided. You can register via sending an email to&nbsp;elite@bse.hu&nbsp;by 12:00, 25 [&hellip;]\" \/>\n<meta property=\"og:url\" content=\"https:\/\/bcch.com\/?p=414\" \/>\n<meta property=\"og:site_name\" content=\"BCCH\" \/>\n<meta property=\"article:published_time\" content=\"2020-01-28T11:21:34+00:00\" \/>\n<meta property=\"article:modified_time\" content=\"2020-01-28T11:21:35+00:00\" \/>\n<meta property=\"og:image\" content=\"https:\/\/www.bcch.com\/images\/newspictures\/btelite.png\" \/>\n<meta name=\"author\" content=\"BCCH\" \/>\n<meta name=\"twitter:card\" content=\"summary_large_image\" \/>\n<meta name=\"twitter:label1\" content=\"Written by\" \/>\n\t<meta name=\"twitter:data1\" content=\"BCCH\" \/>\n\t<meta name=\"twitter:label2\" content=\"Estimated reading time\" \/>\n\t<meta name=\"twitter:data2\" content=\"3 minutes\" \/>\n<script type=\"application\/ld+json\" class=\"yoast-schema-graph\">{\"@context\":\"https:\/\/schema.org\",\"@graph\":[{\"@type\":\"WebPage\",\"@id\":\"https:\/\/bcch.com\/?p=414\",\"url\":\"https:\/\/bcch.com\/?p=414\",\"name\":\"EY - ELITE - B\u00c9T \/\/ Business Breakfast - BCCH\",\"isPartOf\":{\"@id\":\"https:\/\/bcch.com\/#website\"},\"primaryImageOfPage\":{\"@id\":\"https:\/\/bcch.com\/?p=414#primaryimage\"},\"image\":{\"@id\":\"https:\/\/bcch.com\/?p=414#primaryimage\"},\"thumbnailUrl\":\"https:\/\/www.bcch.com\/images\/newspictures\/btelite.png\",\"datePublished\":\"2020-01-28T11:21:34+00:00\",\"dateModified\":\"2020-01-28T11:21:35+00:00\",\"author\":{\"@id\":\"https:\/\/bcch.com\/#\/schema\/person\/765ca0c821af61bb6c36c872cd678fb1\"},\"breadcrumb\":{\"@id\":\"https:\/\/bcch.com\/?p=414#breadcrumb\"},\"inLanguage\":\"en-GB\",\"potentialAction\":[{\"@type\":\"ReadAction\",\"target\":[\"https:\/\/bcch.com\/?p=414\"]}]},{\"@type\":\"ImageObject\",\"inLanguage\":\"en-GB\",\"@id\":\"https:\/\/bcch.com\/?p=414#primaryimage\",\"url\":\"https:\/\/www.bcch.com\/images\/newspictures\/btelite.png\",\"contentUrl\":\"https:\/\/www.bcch.com\/images\/newspictures\/btelite.png\"},{\"@type\":\"BreadcrumbList\",\"@id\":\"https:\/\/bcch.com\/?p=414#breadcrumb\",\"itemListElement\":[{\"@type\":\"ListItem\",\"position\":1,\"name\":\"Home\",\"item\":\"https:\/\/bcch.com\/\"},{\"@type\":\"ListItem\",\"position\":2,\"name\":\"EY &#8211; ELITE &#8211; B\u00c9T \/\/ Business Breakfast\"}]},{\"@type\":\"WebSite\",\"@id\":\"https:\/\/bcch.com\/#website\",\"url\":\"https:\/\/bcch.com\/\",\"name\":\"BCCH\",\"description\":\"British Chamber of Commerce in Hungary\",\"potentialAction\":[{\"@type\":\"SearchAction\",\"target\":{\"@type\":\"EntryPoint\",\"urlTemplate\":\"https:\/\/bcch.com\/?s={search_term_string}\"},\"query-input\":{\"@type\":\"PropertyValueSpecification\",\"valueRequired\":true,\"valueName\":\"search_term_string\"}}],\"inLanguage\":\"en-GB\"},{\"@type\":\"Person\",\"@id\":\"https:\/\/bcch.com\/#\/schema\/person\/765ca0c821af61bb6c36c872cd678fb1\",\"name\":\"BCCH\",\"image\":{\"@type\":\"ImageObject\",\"inLanguage\":\"en-GB\",\"@id\":\"https:\/\/bcch.com\/#\/schema\/person\/image\/\",\"url\":\"https:\/\/secure.gravatar.com\/avatar\/9c170d8ffd69a4ec807bfceefdf5e282?s=96&d=blank&r=g\",\"contentUrl\":\"https:\/\/secure.gravatar.com\/avatar\/9c170d8ffd69a4ec807bfceefdf5e282?s=96&d=blank&r=g\",\"caption\":\"BCCH\"},\"url\":\"https:\/\/bcch.com\/?author=1\"}]}<\/script>\n<!-- \/ Yoast SEO plugin. -->","yoast_head_json":{"title":"EY - ELITE - B\u00c9T \/\/ Business Breakfast - BCCH","robots":{"index":"index","follow":"follow","max-snippet":"max-snippet:-1","max-image-preview":"max-image-preview:large","max-video-preview":"max-video-preview:-1"},"canonical":"https:\/\/bcch.com\/?p=414","og_locale":"en_GB","og_type":"article","og_title":"EY - ELITE - B\u00c9T \/\/ Business Breakfast - BCCH","og_description":"Date:&nbsp;October 3, 2019 9:00-11:00&nbsp;Venue:&nbsp;1054 Budapest, Szabads\u00e1g t\u00e9r 7.&nbsp;Important note:&nbsp;This event is only open to companies meeting the ELITE program criteria Date:October 3, 2019 9:00-11:00Registration opens at 8:45 Venue:Budapesti \u00c9rt\u00e9kt\u0151zsde1054 Bp. Szabads\u00e1g t\u00e9r 7. The language of the event will be&nbsp;Hungarian&nbsp;and no translation will be provided. You can register via sending an email to&nbsp;elite@bse.hu&nbsp;by 12:00, 25 [&hellip;]","og_url":"https:\/\/bcch.com\/?p=414","og_site_name":"BCCH","article_published_time":"2020-01-28T11:21:34+00:00","article_modified_time":"2020-01-28T11:21:35+00:00","og_image":[{"url":"https:\/\/www.bcch.com\/images\/newspictures\/btelite.png","type":"","width":"","height":""}],"author":"BCCH","twitter_card":"summary_large_image","twitter_misc":{"Written by":"BCCH","Estimated reading time":"3 minutes"},"schema":{"@context":"https:\/\/schema.org","@graph":[{"@type":"WebPage","@id":"https:\/\/bcch.com\/?p=414","url":"https:\/\/bcch.com\/?p=414","name":"EY - ELITE - B\u00c9T \/\/ Business Breakfast - BCCH","isPartOf":{"@id":"https:\/\/bcch.com\/#website"},"primaryImageOfPage":{"@id":"https:\/\/bcch.com\/?p=414#primaryimage"},"image":{"@id":"https:\/\/bcch.com\/?p=414#primaryimage"},"thumbnailUrl":"https:\/\/www.bcch.com\/images\/newspictures\/btelite.png","datePublished":"2020-01-28T11:21:34+00:00","dateModified":"2020-01-28T11:21:35+00:00","author":{"@id":"https:\/\/bcch.com\/#\/schema\/person\/765ca0c821af61bb6c36c872cd678fb1"},"breadcrumb":{"@id":"https:\/\/bcch.com\/?p=414#breadcrumb"},"inLanguage":"en-GB","potentialAction":[{"@type":"ReadAction","target":["https:\/\/bcch.com\/?p=414"]}]},{"@type":"ImageObject","inLanguage":"en-GB","@id":"https:\/\/bcch.com\/?p=414#primaryimage","url":"https:\/\/www.bcch.com\/images\/newspictures\/btelite.png","contentUrl":"https:\/\/www.bcch.com\/images\/newspictures\/btelite.png"},{"@type":"BreadcrumbList","@id":"https:\/\/bcch.com\/?p=414#breadcrumb","itemListElement":[{"@type":"ListItem","position":1,"name":"Home","item":"https:\/\/bcch.com\/"},{"@type":"ListItem","position":2,"name":"EY &#8211; ELITE &#8211; B\u00c9T \/\/ Business Breakfast"}]},{"@type":"WebSite","@id":"https:\/\/bcch.com\/#website","url":"https:\/\/bcch.com\/","name":"BCCH","description":"British Chamber of Commerce in Hungary","potentialAction":[{"@type":"SearchAction","target":{"@type":"EntryPoint","urlTemplate":"https:\/\/bcch.com\/?s={search_term_string}"},"query-input":{"@type":"PropertyValueSpecification","valueRequired":true,"valueName":"search_term_string"}}],"inLanguage":"en-GB"},{"@type":"Person","@id":"https:\/\/bcch.com\/#\/schema\/person\/765ca0c821af61bb6c36c872cd678fb1","name":"BCCH","image":{"@type":"ImageObject","inLanguage":"en-GB","@id":"https:\/\/bcch.com\/#\/schema\/person\/image\/","url":"https:\/\/secure.gravatar.com\/avatar\/9c170d8ffd69a4ec807bfceefdf5e282?s=96&d=blank&r=g","contentUrl":"https:\/\/secure.gravatar.com\/avatar\/9c170d8ffd69a4ec807bfceefdf5e282?s=96&d=blank&r=g","caption":"BCCH"},"url":"https:\/\/bcch.com\/?author=1"}]}},"_links":{"self":[{"href":"https:\/\/bcch.com\/index.php?rest_route=\/wp\/v2\/posts\/414","targetHints":{"allow":["GET"]}}],"collection":[{"href":"https:\/\/bcch.com\/index.php?rest_route=\/wp\/v2\/posts"}],"about":[{"href":"https:\/\/bcch.com\/index.php?rest_route=\/wp\/v2\/types\/post"}],"author":[{"embeddable":true,"href":"https:\/\/bcch.com\/index.php?rest_route=\/wp\/v2\/users\/1"}],"replies":[{"embeddable":true,"href":"https:\/\/bcch.com\/index.php?rest_route=%2Fwp%2Fv2%2Fcomments&post=414"}],"version-history":[{"count":1,"href":"https:\/\/bcch.com\/index.php?rest_route=\/wp\/v2\/posts\/414\/revisions"}],"predecessor-version":[{"id":415,"href":"https:\/\/bcch.com\/index.php?rest_route=\/wp\/v2\/posts\/414\/revisions\/415"}],"wp:attachment":[{"href":"https:\/\/bcch.com\/index.php?rest_route=%2Fwp%2Fv2%2Fmedia&parent=414"}],"wp:term":[{"taxonomy":"category","embeddable":true,"href":"https:\/\/bcch.com\/index.php?rest_route=%2Fwp%2Fv2%2Fcategories&post=414"},{"taxonomy":"post_tag","embeddable":true,"href":"https:\/\/bcch.com\/index.php?rest_route=%2Fwp%2Fv2%2Ftags&post=414"}],"curies":[{"name":"wp","href":"https:\/\/api.w.org\/{rel}","templated":true}]}}