{"id":406,"date":"2020-01-28T12:14:17","date_gmt":"2020-01-28T11:14:17","guid":{"rendered":"http:\/\/teszt1.bcch.com\/?p=406"},"modified":"2020-01-28T12:14:19","modified_gmt":"2020-01-28T11:14:19","slug":"cci-france-x-bcch-business-lunch-with-miklos-schiffer","status":"publish","type":"post","link":"https:\/\/bcch.com\/?p=406","title":{"rendered":"CCI France x BCCH \/ Business Lunch with Mikl\u00f3s Schiffer"},"content":{"rendered":"\n<h2 class=\"wp-block-heading\"><\/h2>\n\n\n\n<p><strong>Date:<\/strong>&nbsp;14 May, 2019, 12:00-14:00&nbsp;<br><strong>Venue:<\/strong>&nbsp;Sofitel Chain Bridge &#8211; Belle Vue&nbsp;hall (1051 Sz\u00e9chenyi Istv\u00e1n t\u00e9r 2.)<\/p>\n\n\n\n<p>The CCI-France Hongrie in cooperation with<\/p>\n\n\n\n<p>the Belgian Business Club, the Netherlands-Hungarian Chamber of Commerce, the British Chamber of Commerce in Hungary, the German Chamber of &nbsp;Industry and Commerce and SwissCham Hungary<\/p>\n\n\n\n<p>cordially invites you to an exclusive business lunch.<\/p>\n\n\n\n<p>The special guest of the event is<\/p>\n\n\n\n<p><strong>Schiffer Mikl\u00f3s<\/strong><\/p>\n\n\n\n<p>style-expert<\/p>\n\n\n\n<p>introducing his latest book titled<\/p>\n\n\n\n<p><strong>&#8220;K\u00f6sz\u00f6n\u00f6m, k\u00e9rem&#8221; <\/strong><strong><br><\/strong><strong><em>&#8220;J\u00f3modor akkor is l\u00e9tezik, ha sokan nem hallottak r\u00f3la&#8221;<\/em><\/strong><\/p>\n\n\n\n<p><em>The book launch is followed by a signing session.<\/em><\/p>\n\n\n\n<figure class=\"wp-block-image\"><img decoding=\"async\" src=\"https:\/\/www.bcch.com\/images\/Schiffer_Mikls_Koszonom_kerem.jpg\" alt=\"\"\/><\/figure>\n\n\n\n<p>Date:<\/p>\n\n\n\n<p><strong>Tuesday, 14 May 2019 12.00-14.00<\/strong><\/p>\n\n\n\n<p>The registration starts at 11.30.<\/p>\n\n\n\n<p>Venue:<\/p>\n\n\n\n<p><strong>Sofitel Budapest Chain Bridge &#8211; Belle Vue hall<\/strong><strong><br><\/strong>(1051 Budapest, Sz\u00e9chenyi Istv\u00e1n t\u00e9r 2.)<\/p>\n\n\n\n<p>Participation fee:<\/p>\n\n\n\n<p>for members: HUF <strong>14.500 + VAT<\/strong>\/ person<\/p>\n\n\n\n<p>for members: HUF <strong>21.500 + VAT<\/strong>\/ person<\/p>\n\n\n\n<p>The book can be purchased at the event for HUF 4500.<br>Please note that it is only possible by cash.<\/p>\n\n\n\n<h4 class=\"wp-block-heading\"><strong><a href=\"https:\/\/www.bcch.com\/events-calendar\/register-for-events-now\">You can register for the event by clicking here.<\/a><\/strong><\/h4>\n\n\n\n<p>The cancellation of the registration is possible till Thursday, 9&nbsp;May 2019 via the same email address. Cancellations past the deadline and no-shows will be invoiced.<br>Your registration will be confirmed via an automatic email.<\/p>\n\n\n\n<p>The language of the event is Hungarian.<\/p>\n\n\n\n<p>The event is not open to the press.<\/p>\n","protected":false},"excerpt":{"rendered":"<p>Date:&nbsp;14 May, 2019, 12:00-14:00&nbsp;Venue:&nbsp;Sofitel Chain Bridge &#8211; Belle Vue&nbsp;hall (1051 Sz\u00e9chenyi Istv\u00e1n t\u00e9r 2.) The CCI-France Hongrie in cooperation with the Belgian Business Club, the Netherlands-Hungarian Chamber of Commerce, the British Chamber of Commerce in Hungary, the German Chamber of &nbsp;Industry and Commerce and SwissCham Hungary cordially invites you to an exclusive business lunch. The [&hellip;]<\/p>\n","protected":false},"author":1,"featured_media":0,"comment_status":"closed","ping_status":"open","sticky":false,"template":"","format":"standard","meta":{"_et_pb_use_builder":"off","_et_pb_old_content":"","_et_gb_content_width":"1080","footnotes":""},"categories":[4],"tags":[],"class_list":["post-406","post","type-post","status-publish","format-standard","hentry","category-events"],"yoast_head":"<!-- This site is optimized with the Yoast SEO plugin v24.7 - https:\/\/yoast.com\/wordpress\/plugins\/seo\/ -->\n<title>CCI France x BCCH \/ Business Lunch with Mikl\u00f3s Schiffer - BCCH<\/title>\n<meta name=\"robots\" content=\"index, follow, max-snippet:-1, max-image-preview:large, max-video-preview:-1\" \/>\n<link rel=\"canonical\" href=\"https:\/\/bcch.com\/?p=406\" \/>\n<meta property=\"og:locale\" content=\"en_GB\" \/>\n<meta property=\"og:type\" content=\"article\" \/>\n<meta property=\"og:title\" content=\"CCI France x BCCH \/ Business Lunch with Mikl\u00f3s Schiffer - BCCH\" \/>\n<meta property=\"og:description\" content=\"Date:&nbsp;14 May, 2019, 12:00-14:00&nbsp;Venue:&nbsp;Sofitel Chain Bridge &#8211; Belle Vue&nbsp;hall (1051 Sz\u00e9chenyi Istv\u00e1n t\u00e9r 2.) The CCI-France Hongrie in cooperation with the Belgian Business Club, the Netherlands-Hungarian Chamber of Commerce, the British Chamber of Commerce in Hungary, the German Chamber of &nbsp;Industry and Commerce and SwissCham Hungary cordially invites you to an exclusive business lunch. The [&hellip;]\" \/>\n<meta property=\"og:url\" content=\"https:\/\/bcch.com\/?p=406\" \/>\n<meta property=\"og:site_name\" content=\"BCCH\" \/>\n<meta property=\"article:published_time\" content=\"2020-01-28T11:14:17+00:00\" \/>\n<meta property=\"article:modified_time\" content=\"2020-01-28T11:14:19+00:00\" \/>\n<meta property=\"og:image\" content=\"https:\/\/www.bcch.com\/images\/Schiffer_Mikls_Koszonom_kerem.jpg\" \/>\n<meta name=\"author\" content=\"BCCH\" \/>\n<meta name=\"twitter:card\" content=\"summary_large_image\" \/>\n<meta name=\"twitter:label1\" content=\"Written by\" \/>\n\t<meta name=\"twitter:data1\" content=\"BCCH\" \/>\n\t<meta name=\"twitter:label2\" content=\"Estimated reading time\" \/>\n\t<meta name=\"twitter:data2\" content=\"1 minute\" \/>\n<script type=\"application\/ld+json\" class=\"yoast-schema-graph\">{\"@context\":\"https:\/\/schema.org\",\"@graph\":[{\"@type\":\"WebPage\",\"@id\":\"https:\/\/bcch.com\/?p=406\",\"url\":\"https:\/\/bcch.com\/?p=406\",\"name\":\"CCI France x BCCH \/ Business Lunch with Mikl\u00f3s Schiffer - BCCH\",\"isPartOf\":{\"@id\":\"https:\/\/bcch.com\/#website\"},\"primaryImageOfPage\":{\"@id\":\"https:\/\/bcch.com\/?p=406#primaryimage\"},\"image\":{\"@id\":\"https:\/\/bcch.com\/?p=406#primaryimage\"},\"thumbnailUrl\":\"https:\/\/www.bcch.com\/images\/Schiffer_Mikls_Koszonom_kerem.jpg\",\"datePublished\":\"2020-01-28T11:14:17+00:00\",\"dateModified\":\"2020-01-28T11:14:19+00:00\",\"author\":{\"@id\":\"https:\/\/bcch.com\/#\/schema\/person\/765ca0c821af61bb6c36c872cd678fb1\"},\"breadcrumb\":{\"@id\":\"https:\/\/bcch.com\/?p=406#breadcrumb\"},\"inLanguage\":\"en-GB\",\"potentialAction\":[{\"@type\":\"ReadAction\",\"target\":[\"https:\/\/bcch.com\/?p=406\"]}]},{\"@type\":\"ImageObject\",\"inLanguage\":\"en-GB\",\"@id\":\"https:\/\/bcch.com\/?p=406#primaryimage\",\"url\":\"https:\/\/www.bcch.com\/images\/Schiffer_Mikls_Koszonom_kerem.jpg\",\"contentUrl\":\"https:\/\/www.bcch.com\/images\/Schiffer_Mikls_Koszonom_kerem.jpg\"},{\"@type\":\"BreadcrumbList\",\"@id\":\"https:\/\/bcch.com\/?p=406#breadcrumb\",\"itemListElement\":[{\"@type\":\"ListItem\",\"position\":1,\"name\":\"Home\",\"item\":\"https:\/\/bcch.com\/\"},{\"@type\":\"ListItem\",\"position\":2,\"name\":\"CCI France x BCCH \/ Business Lunch with Mikl\u00f3s Schiffer\"}]},{\"@type\":\"WebSite\",\"@id\":\"https:\/\/bcch.com\/#website\",\"url\":\"https:\/\/bcch.com\/\",\"name\":\"BCCH\",\"description\":\"British Chamber of Commerce in Hungary\",\"potentialAction\":[{\"@type\":\"SearchAction\",\"target\":{\"@type\":\"EntryPoint\",\"urlTemplate\":\"https:\/\/bcch.com\/?s={search_term_string}\"},\"query-input\":{\"@type\":\"PropertyValueSpecification\",\"valueRequired\":true,\"valueName\":\"search_term_string\"}}],\"inLanguage\":\"en-GB\"},{\"@type\":\"Person\",\"@id\":\"https:\/\/bcch.com\/#\/schema\/person\/765ca0c821af61bb6c36c872cd678fb1\",\"name\":\"BCCH\",\"image\":{\"@type\":\"ImageObject\",\"inLanguage\":\"en-GB\",\"@id\":\"https:\/\/bcch.com\/#\/schema\/person\/image\/\",\"url\":\"https:\/\/secure.gravatar.com\/avatar\/9c170d8ffd69a4ec807bfceefdf5e282?s=96&d=blank&r=g\",\"contentUrl\":\"https:\/\/secure.gravatar.com\/avatar\/9c170d8ffd69a4ec807bfceefdf5e282?s=96&d=blank&r=g\",\"caption\":\"BCCH\"},\"url\":\"https:\/\/bcch.com\/?author=1\"}]}<\/script>\n<!-- \/ Yoast SEO plugin. -->","yoast_head_json":{"title":"CCI France x BCCH \/ Business Lunch with Mikl\u00f3s Schiffer - BCCH","robots":{"index":"index","follow":"follow","max-snippet":"max-snippet:-1","max-image-preview":"max-image-preview:large","max-video-preview":"max-video-preview:-1"},"canonical":"https:\/\/bcch.com\/?p=406","og_locale":"en_GB","og_type":"article","og_title":"CCI France x BCCH \/ Business Lunch with Mikl\u00f3s Schiffer - BCCH","og_description":"Date:&nbsp;14 May, 2019, 12:00-14:00&nbsp;Venue:&nbsp;Sofitel Chain Bridge &#8211; Belle Vue&nbsp;hall (1051 Sz\u00e9chenyi Istv\u00e1n t\u00e9r 2.) The CCI-France Hongrie in cooperation with the Belgian Business Club, the Netherlands-Hungarian Chamber of Commerce, the British Chamber of Commerce in Hungary, the German Chamber of &nbsp;Industry and Commerce and SwissCham Hungary cordially invites you to an exclusive business lunch. The [&hellip;]","og_url":"https:\/\/bcch.com\/?p=406","og_site_name":"BCCH","article_published_time":"2020-01-28T11:14:17+00:00","article_modified_time":"2020-01-28T11:14:19+00:00","og_image":[{"url":"https:\/\/www.bcch.com\/images\/Schiffer_Mikls_Koszonom_kerem.jpg","type":"","width":"","height":""}],"author":"BCCH","twitter_card":"summary_large_image","twitter_misc":{"Written by":"BCCH","Estimated reading time":"1 minute"},"schema":{"@context":"https:\/\/schema.org","@graph":[{"@type":"WebPage","@id":"https:\/\/bcch.com\/?p=406","url":"https:\/\/bcch.com\/?p=406","name":"CCI France x BCCH \/ Business Lunch with Mikl\u00f3s Schiffer - BCCH","isPartOf":{"@id":"https:\/\/bcch.com\/#website"},"primaryImageOfPage":{"@id":"https:\/\/bcch.com\/?p=406#primaryimage"},"image":{"@id":"https:\/\/bcch.com\/?p=406#primaryimage"},"thumbnailUrl":"https:\/\/www.bcch.com\/images\/Schiffer_Mikls_Koszonom_kerem.jpg","datePublished":"2020-01-28T11:14:17+00:00","dateModified":"2020-01-28T11:14:19+00:00","author":{"@id":"https:\/\/bcch.com\/#\/schema\/person\/765ca0c821af61bb6c36c872cd678fb1"},"breadcrumb":{"@id":"https:\/\/bcch.com\/?p=406#breadcrumb"},"inLanguage":"en-GB","potentialAction":[{"@type":"ReadAction","target":["https:\/\/bcch.com\/?p=406"]}]},{"@type":"ImageObject","inLanguage":"en-GB","@id":"https:\/\/bcch.com\/?p=406#primaryimage","url":"https:\/\/www.bcch.com\/images\/Schiffer_Mikls_Koszonom_kerem.jpg","contentUrl":"https:\/\/www.bcch.com\/images\/Schiffer_Mikls_Koszonom_kerem.jpg"},{"@type":"BreadcrumbList","@id":"https:\/\/bcch.com\/?p=406#breadcrumb","itemListElement":[{"@type":"ListItem","position":1,"name":"Home","item":"https:\/\/bcch.com\/"},{"@type":"ListItem","position":2,"name":"CCI France x BCCH \/ Business Lunch with Mikl\u00f3s Schiffer"}]},{"@type":"WebSite","@id":"https:\/\/bcch.com\/#website","url":"https:\/\/bcch.com\/","name":"BCCH","description":"British Chamber of Commerce in Hungary","potentialAction":[{"@type":"SearchAction","target":{"@type":"EntryPoint","urlTemplate":"https:\/\/bcch.com\/?s={search_term_string}"},"query-input":{"@type":"PropertyValueSpecification","valueRequired":true,"valueName":"search_term_string"}}],"inLanguage":"en-GB"},{"@type":"Person","@id":"https:\/\/bcch.com\/#\/schema\/person\/765ca0c821af61bb6c36c872cd678fb1","name":"BCCH","image":{"@type":"ImageObject","inLanguage":"en-GB","@id":"https:\/\/bcch.com\/#\/schema\/person\/image\/","url":"https:\/\/secure.gravatar.com\/avatar\/9c170d8ffd69a4ec807bfceefdf5e282?s=96&d=blank&r=g","contentUrl":"https:\/\/secure.gravatar.com\/avatar\/9c170d8ffd69a4ec807bfceefdf5e282?s=96&d=blank&r=g","caption":"BCCH"},"url":"https:\/\/bcch.com\/?author=1"}]}},"_links":{"self":[{"href":"https:\/\/bcch.com\/index.php?rest_route=\/wp\/v2\/posts\/406","targetHints":{"allow":["GET"]}}],"collection":[{"href":"https:\/\/bcch.com\/index.php?rest_route=\/wp\/v2\/posts"}],"about":[{"href":"https:\/\/bcch.com\/index.php?rest_route=\/wp\/v2\/types\/post"}],"author":[{"embeddable":true,"href":"https:\/\/bcch.com\/index.php?rest_route=\/wp\/v2\/users\/1"}],"replies":[{"embeddable":true,"href":"https:\/\/bcch.com\/index.php?rest_route=%2Fwp%2Fv2%2Fcomments&post=406"}],"version-history":[{"count":1,"href":"https:\/\/bcch.com\/index.php?rest_route=\/wp\/v2\/posts\/406\/revisions"}],"predecessor-version":[{"id":407,"href":"https:\/\/bcch.com\/index.php?rest_route=\/wp\/v2\/posts\/406\/revisions\/407"}],"wp:attachment":[{"href":"https:\/\/bcch.com\/index.php?rest_route=%2Fwp%2Fv2%2Fmedia&parent=406"}],"wp:term":[{"taxonomy":"category","embeddable":true,"href":"https:\/\/bcch.com\/index.php?rest_route=%2Fwp%2Fv2%2Fcategories&post=406"},{"taxonomy":"post_tag","embeddable":true,"href":"https:\/\/bcch.com\/index.php?rest_route=%2Fwp%2Fv2%2Ftags&post=406"}],"curies":[{"name":"wp","href":"https:\/\/api.w.org\/{rel}","templated":true}]}}