{"id":400,"date":"2020-01-28T12:10:48","date_gmt":"2020-01-28T11:10:48","guid":{"rendered":"http:\/\/teszt1.bcch.com\/?p=400"},"modified":"2020-01-28T12:10:49","modified_gmt":"2020-01-28T11:10:49","slug":"elite-business-breakfast","status":"publish","type":"post","link":"https:\/\/bcch.com\/?p=400","title":{"rendered":"ELITE Business Breakfast"},"content":{"rendered":"\n<h2 class=\"wp-block-heading\"><\/h2>\n\n\n\n<p><strong>Date:&nbsp;<\/strong>March 21, 2019 9:00-11:00&nbsp;<br><strong>Venue:<\/strong>&nbsp;Budapesti \u00c9rt\u00e9kt\u0151zsde &#8211; 1054 Bp. Szabads\u00e1g t\u00e9r 7.&nbsp;<br><strong>Important note:<\/strong>&nbsp;This event is only open to companies meeting the ELITE program criteria<\/p>\n\n\n\n<figure class=\"wp-block-image\"><img decoding=\"async\" src=\"https:\/\/www.bcch.com\/images\/bcch1.png\" alt=\"\"\/><\/figure>\n\n\n\n<p>We would like to invite you to the ELITE Business Breakfast, organized&nbsp;with EY Hungary and B\u00c9T, titled<\/p>\n\n\n\n<h4 class=\"wp-block-heading\"><em>&#8220;How much is my company worth and how can it be increased?&#8221;<\/em><\/h4>\n\n\n\n<p><strong>&nbsp;Guest speakers:<\/strong><br><strong>\u00c1d\u00e1m Marosffy<\/strong>&nbsp;&#8211; EY Hungary<br><em>On determining the value of a company in theory and in practice, which factors can increase or decrease the value, demonstrated via&nbsp;working examples.<\/em><\/p>\n\n\n\n<p><strong>Viktor Szekeres<\/strong>&nbsp;&#8211; Gloster Infocommunications<br><em>On the ELITE Program and their first-hand experiences with it, how can the information and social capital acquired via the program be applied in&nbsp;<\/em>practice.<\/p>\n\n\n\n<p><strong>Date:<\/strong><br>March 21, 2019 9:00-11:00<br>Registration opens at 8:45<\/p>\n\n\n\n<p><strong>Venue:<\/strong><br>Budapesti \u00c9rt\u00e9kt\u0151zsde<br>1054 Bp. Szabads\u00e1g t\u00e9r 7.<br><\/p>\n\n\n\n<p>The language of the event will be&nbsp;<strong>Hungarian&nbsp;<\/strong>and no translation will be provided.<\/p>\n\n\n\n<p>You can register via sending an email to&nbsp;<a href=\"mailto:elite@bse.hu\" target=\"_blank\" rel=\"noreferrer noopener\">elite@bse.hu<\/a>&nbsp;by 12:00, 18 March, 2019 the latest. Please note that registration is only open to companies that meet the criteria for the ELITE program.<\/p>\n","protected":false},"excerpt":{"rendered":"<p>Date:&nbsp;March 21, 2019 9:00-11:00&nbsp;Venue:&nbsp;Budapesti \u00c9rt\u00e9kt\u0151zsde &#8211; 1054 Bp. Szabads\u00e1g t\u00e9r 7.&nbsp;Important note:&nbsp;This event is only open to companies meeting the ELITE program criteria We would like to invite you to the ELITE Business Breakfast, organized&nbsp;with EY Hungary and B\u00c9T, titled &#8220;How much is my company worth and how can it be increased?&#8221; &nbsp;Guest speakers:\u00c1d\u00e1m Marosffy&nbsp;&#8211; [&hellip;]<\/p>\n","protected":false},"author":1,"featured_media":0,"comment_status":"closed","ping_status":"open","sticky":false,"template":"","format":"standard","meta":{"_et_pb_use_builder":"off","_et_pb_old_content":"","_et_gb_content_width":"1080","footnotes":""},"categories":[4],"tags":[],"class_list":["post-400","post","type-post","status-publish","format-standard","hentry","category-events"],"yoast_head":"<!-- This site is optimized with the Yoast SEO plugin v24.7 - https:\/\/yoast.com\/wordpress\/plugins\/seo\/ -->\n<title>ELITE Business Breakfast - BCCH<\/title>\n<meta name=\"robots\" content=\"index, follow, max-snippet:-1, max-image-preview:large, max-video-preview:-1\" \/>\n<link rel=\"canonical\" href=\"https:\/\/bcch.com\/?p=400\" \/>\n<meta property=\"og:locale\" content=\"en_GB\" \/>\n<meta property=\"og:type\" content=\"article\" \/>\n<meta property=\"og:title\" content=\"ELITE Business Breakfast - BCCH\" \/>\n<meta property=\"og:description\" content=\"Date:&nbsp;March 21, 2019 9:00-11:00&nbsp;Venue:&nbsp;Budapesti \u00c9rt\u00e9kt\u0151zsde &#8211; 1054 Bp. Szabads\u00e1g t\u00e9r 7.&nbsp;Important note:&nbsp;This event is only open to companies meeting the ELITE program criteria We would like to invite you to the ELITE Business Breakfast, organized&nbsp;with EY Hungary and B\u00c9T, titled &#8220;How much is my company worth and how can it be increased?&#8221; &nbsp;Guest speakers:\u00c1d\u00e1m Marosffy&nbsp;&#8211; [&hellip;]\" \/>\n<meta property=\"og:url\" content=\"https:\/\/bcch.com\/?p=400\" \/>\n<meta property=\"og:site_name\" content=\"BCCH\" \/>\n<meta property=\"article:published_time\" content=\"2020-01-28T11:10:48+00:00\" \/>\n<meta property=\"article:modified_time\" content=\"2020-01-28T11:10:49+00:00\" \/>\n<meta property=\"og:image\" content=\"https:\/\/www.bcch.com\/images\/bcch1.png\" \/>\n<meta name=\"author\" content=\"BCCH\" \/>\n<meta name=\"twitter:card\" content=\"summary_large_image\" \/>\n<meta name=\"twitter:label1\" content=\"Written by\" \/>\n\t<meta name=\"twitter:data1\" content=\"BCCH\" \/>\n\t<meta name=\"twitter:label2\" content=\"Estimated reading time\" \/>\n\t<meta name=\"twitter:data2\" content=\"1 minute\" \/>\n<script type=\"application\/ld+json\" class=\"yoast-schema-graph\">{\"@context\":\"https:\/\/schema.org\",\"@graph\":[{\"@type\":\"WebPage\",\"@id\":\"https:\/\/bcch.com\/?p=400\",\"url\":\"https:\/\/bcch.com\/?p=400\",\"name\":\"ELITE Business Breakfast - BCCH\",\"isPartOf\":{\"@id\":\"https:\/\/bcch.com\/#website\"},\"primaryImageOfPage\":{\"@id\":\"https:\/\/bcch.com\/?p=400#primaryimage\"},\"image\":{\"@id\":\"https:\/\/bcch.com\/?p=400#primaryimage\"},\"thumbnailUrl\":\"https:\/\/www.bcch.com\/images\/bcch1.png\",\"datePublished\":\"2020-01-28T11:10:48+00:00\",\"dateModified\":\"2020-01-28T11:10:49+00:00\",\"author\":{\"@id\":\"https:\/\/bcch.com\/#\/schema\/person\/765ca0c821af61bb6c36c872cd678fb1\"},\"breadcrumb\":{\"@id\":\"https:\/\/bcch.com\/?p=400#breadcrumb\"},\"inLanguage\":\"en-GB\",\"potentialAction\":[{\"@type\":\"ReadAction\",\"target\":[\"https:\/\/bcch.com\/?p=400\"]}]},{\"@type\":\"ImageObject\",\"inLanguage\":\"en-GB\",\"@id\":\"https:\/\/bcch.com\/?p=400#primaryimage\",\"url\":\"https:\/\/www.bcch.com\/images\/bcch1.png\",\"contentUrl\":\"https:\/\/www.bcch.com\/images\/bcch1.png\"},{\"@type\":\"BreadcrumbList\",\"@id\":\"https:\/\/bcch.com\/?p=400#breadcrumb\",\"itemListElement\":[{\"@type\":\"ListItem\",\"position\":1,\"name\":\"Home\",\"item\":\"https:\/\/bcch.com\/\"},{\"@type\":\"ListItem\",\"position\":2,\"name\":\"ELITE Business Breakfast\"}]},{\"@type\":\"WebSite\",\"@id\":\"https:\/\/bcch.com\/#website\",\"url\":\"https:\/\/bcch.com\/\",\"name\":\"BCCH\",\"description\":\"British Chamber of Commerce in Hungary\",\"potentialAction\":[{\"@type\":\"SearchAction\",\"target\":{\"@type\":\"EntryPoint\",\"urlTemplate\":\"https:\/\/bcch.com\/?s={search_term_string}\"},\"query-input\":{\"@type\":\"PropertyValueSpecification\",\"valueRequired\":true,\"valueName\":\"search_term_string\"}}],\"inLanguage\":\"en-GB\"},{\"@type\":\"Person\",\"@id\":\"https:\/\/bcch.com\/#\/schema\/person\/765ca0c821af61bb6c36c872cd678fb1\",\"name\":\"BCCH\",\"image\":{\"@type\":\"ImageObject\",\"inLanguage\":\"en-GB\",\"@id\":\"https:\/\/bcch.com\/#\/schema\/person\/image\/\",\"url\":\"https:\/\/secure.gravatar.com\/avatar\/9c170d8ffd69a4ec807bfceefdf5e282?s=96&d=blank&r=g\",\"contentUrl\":\"https:\/\/secure.gravatar.com\/avatar\/9c170d8ffd69a4ec807bfceefdf5e282?s=96&d=blank&r=g\",\"caption\":\"BCCH\"},\"url\":\"https:\/\/bcch.com\/?author=1\"}]}<\/script>\n<!-- \/ Yoast SEO plugin. -->","yoast_head_json":{"title":"ELITE Business Breakfast - BCCH","robots":{"index":"index","follow":"follow","max-snippet":"max-snippet:-1","max-image-preview":"max-image-preview:large","max-video-preview":"max-video-preview:-1"},"canonical":"https:\/\/bcch.com\/?p=400","og_locale":"en_GB","og_type":"article","og_title":"ELITE Business Breakfast - BCCH","og_description":"Date:&nbsp;March 21, 2019 9:00-11:00&nbsp;Venue:&nbsp;Budapesti \u00c9rt\u00e9kt\u0151zsde &#8211; 1054 Bp. Szabads\u00e1g t\u00e9r 7.&nbsp;Important note:&nbsp;This event is only open to companies meeting the ELITE program criteria We would like to invite you to the ELITE Business Breakfast, organized&nbsp;with EY Hungary and B\u00c9T, titled &#8220;How much is my company worth and how can it be increased?&#8221; &nbsp;Guest speakers:\u00c1d\u00e1m Marosffy&nbsp;&#8211; [&hellip;]","og_url":"https:\/\/bcch.com\/?p=400","og_site_name":"BCCH","article_published_time":"2020-01-28T11:10:48+00:00","article_modified_time":"2020-01-28T11:10:49+00:00","og_image":[{"url":"https:\/\/www.bcch.com\/images\/bcch1.png","type":"","width":"","height":""}],"author":"BCCH","twitter_card":"summary_large_image","twitter_misc":{"Written by":"BCCH","Estimated reading time":"1 minute"},"schema":{"@context":"https:\/\/schema.org","@graph":[{"@type":"WebPage","@id":"https:\/\/bcch.com\/?p=400","url":"https:\/\/bcch.com\/?p=400","name":"ELITE Business Breakfast - BCCH","isPartOf":{"@id":"https:\/\/bcch.com\/#website"},"primaryImageOfPage":{"@id":"https:\/\/bcch.com\/?p=400#primaryimage"},"image":{"@id":"https:\/\/bcch.com\/?p=400#primaryimage"},"thumbnailUrl":"https:\/\/www.bcch.com\/images\/bcch1.png","datePublished":"2020-01-28T11:10:48+00:00","dateModified":"2020-01-28T11:10:49+00:00","author":{"@id":"https:\/\/bcch.com\/#\/schema\/person\/765ca0c821af61bb6c36c872cd678fb1"},"breadcrumb":{"@id":"https:\/\/bcch.com\/?p=400#breadcrumb"},"inLanguage":"en-GB","potentialAction":[{"@type":"ReadAction","target":["https:\/\/bcch.com\/?p=400"]}]},{"@type":"ImageObject","inLanguage":"en-GB","@id":"https:\/\/bcch.com\/?p=400#primaryimage","url":"https:\/\/www.bcch.com\/images\/bcch1.png","contentUrl":"https:\/\/www.bcch.com\/images\/bcch1.png"},{"@type":"BreadcrumbList","@id":"https:\/\/bcch.com\/?p=400#breadcrumb","itemListElement":[{"@type":"ListItem","position":1,"name":"Home","item":"https:\/\/bcch.com\/"},{"@type":"ListItem","position":2,"name":"ELITE Business Breakfast"}]},{"@type":"WebSite","@id":"https:\/\/bcch.com\/#website","url":"https:\/\/bcch.com\/","name":"BCCH","description":"British Chamber of Commerce in Hungary","potentialAction":[{"@type":"SearchAction","target":{"@type":"EntryPoint","urlTemplate":"https:\/\/bcch.com\/?s={search_term_string}"},"query-input":{"@type":"PropertyValueSpecification","valueRequired":true,"valueName":"search_term_string"}}],"inLanguage":"en-GB"},{"@type":"Person","@id":"https:\/\/bcch.com\/#\/schema\/person\/765ca0c821af61bb6c36c872cd678fb1","name":"BCCH","image":{"@type":"ImageObject","inLanguage":"en-GB","@id":"https:\/\/bcch.com\/#\/schema\/person\/image\/","url":"https:\/\/secure.gravatar.com\/avatar\/9c170d8ffd69a4ec807bfceefdf5e282?s=96&d=blank&r=g","contentUrl":"https:\/\/secure.gravatar.com\/avatar\/9c170d8ffd69a4ec807bfceefdf5e282?s=96&d=blank&r=g","caption":"BCCH"},"url":"https:\/\/bcch.com\/?author=1"}]}},"_links":{"self":[{"href":"https:\/\/bcch.com\/index.php?rest_route=\/wp\/v2\/posts\/400","targetHints":{"allow":["GET"]}}],"collection":[{"href":"https:\/\/bcch.com\/index.php?rest_route=\/wp\/v2\/posts"}],"about":[{"href":"https:\/\/bcch.com\/index.php?rest_route=\/wp\/v2\/types\/post"}],"author":[{"embeddable":true,"href":"https:\/\/bcch.com\/index.php?rest_route=\/wp\/v2\/users\/1"}],"replies":[{"embeddable":true,"href":"https:\/\/bcch.com\/index.php?rest_route=%2Fwp%2Fv2%2Fcomments&post=400"}],"version-history":[{"count":1,"href":"https:\/\/bcch.com\/index.php?rest_route=\/wp\/v2\/posts\/400\/revisions"}],"predecessor-version":[{"id":401,"href":"https:\/\/bcch.com\/index.php?rest_route=\/wp\/v2\/posts\/400\/revisions\/401"}],"wp:attachment":[{"href":"https:\/\/bcch.com\/index.php?rest_route=%2Fwp%2Fv2%2Fmedia&parent=400"}],"wp:term":[{"taxonomy":"category","embeddable":true,"href":"https:\/\/bcch.com\/index.php?rest_route=%2Fwp%2Fv2%2Fcategories&post=400"},{"taxonomy":"post_tag","embeddable":true,"href":"https:\/\/bcch.com\/index.php?rest_route=%2Fwp%2Fv2%2Ftags&post=400"}],"curies":[{"name":"wp","href":"https:\/\/api.w.org\/{rel}","templated":true}]}}