{"id":396,"date":"2020-01-28T12:08:15","date_gmt":"2020-01-28T11:08:15","guid":{"rendered":"http:\/\/teszt1.bcch.com\/?p=396"},"modified":"2020-01-28T12:08:17","modified_gmt":"2020-01-28T11:08:17","slug":"eu-chambers-business-chill-2","status":"publish","type":"post","link":"https:\/\/bcch.com\/?p=396","title":{"rendered":"EU Chambers Business Chill"},"content":{"rendered":"\n<h2 class=\"wp-block-heading\"><\/h2>\n\n\n\n<p><strong>Date:&nbsp;<\/strong>March 20, 2019 18:00-20:30&nbsp;<br><strong>Venue:<\/strong>&nbsp;1024 Budapest, L\u00f6v\u0151h\u00e1z u. 30<\/p>\n\n\n\n<p>Dear members and partners, we would like to invite you to the&nbsp;<a href=\"https:\/\/www.ahkungarn.hu\/veranstaltungen\/detailseite\/eu-chambers-business-chill-3\/\">EU Chambers Business Chill<\/a>,&nbsp;that is&nbsp;going to be held on the 20th of March in the Haus of the German Chamber of Commerce in Hungary.&nbsp;&nbsp;<\/p>\n\n\n\n<p>The event&#8217;s guest speaker will be<strong>&nbsp;H.E. Oleg Tulea,&nbsp;<\/strong><strong>the Ambassador of the&nbsp;<\/strong><strong>Republic of Moldova to Hungary<\/strong><\/p>\n\n\n\n<p>Date:&nbsp;<strong>Wednesday, 20st of March 2019, 6:00 p.m.<br><\/strong>Registration: from 5:30 p.m.<\/p>\n\n\n\n<p>Location:&nbsp;<strong>Haus of the German-Hungarian Chamber of Commerce<br><\/strong>(1024 Budapest,&nbsp;L\u00f6v\u0151h\u00e1z u. 30.)<\/p>\n\n\n\n<p><strong>Participation fee:<\/strong><\/p>\n\n\n\n<p>Members of the Chambers: 5.000 HUF + VAT<\/p>\n\n\n\n<p>Non-members of the Chambers: 7.000 HUF + VAT<\/p>\n\n\n\n<p>You can register for the event here &#8211;&nbsp;<a href=\"https:\/\/www.ahkungarn.hu\/veranstaltungen\/event-registration\/event-registration-eu-chambers-business-chill\/?no_cache=1&amp;tx_powermail_pi1%5Bfield%5D%5BeventUid%5D=19670&amp;tx_ahkevents_list%5Bcontroller%5D=Event&amp;cHash=806d61907c088677df7050a687556a9d\" target=\"_blank\" rel=\"noreferrer noopener\">Online Registration<br><\/a>Registrations are accepted until the 13th of March and mandatory&nbsp;in order to take part.<\/p>\n","protected":false},"excerpt":{"rendered":"<p>Date:&nbsp;March 20, 2019 18:00-20:30&nbsp;Venue:&nbsp;1024 Budapest, L\u00f6v\u0151h\u00e1z u. 30 Dear members and partners, we would like to invite you to the&nbsp;EU Chambers Business Chill,&nbsp;that is&nbsp;going to be held on the 20th of March in the Haus of the German Chamber of Commerce in Hungary.&nbsp;&nbsp; The event&#8217;s guest speaker will be&nbsp;H.E. Oleg Tulea,&nbsp;the Ambassador of the&nbsp;Republic of [&hellip;]<\/p>\n","protected":false},"author":1,"featured_media":0,"comment_status":"closed","ping_status":"open","sticky":false,"template":"","format":"standard","meta":{"_et_pb_use_builder":"off","_et_pb_old_content":"","_et_gb_content_width":"1080","footnotes":""},"categories":[4],"tags":[],"class_list":["post-396","post","type-post","status-publish","format-standard","hentry","category-events"],"yoast_head":"<!-- This site is optimized with the Yoast SEO plugin v24.7 - https:\/\/yoast.com\/wordpress\/plugins\/seo\/ -->\n<title>EU Chambers Business Chill - BCCH<\/title>\n<meta name=\"robots\" content=\"index, follow, max-snippet:-1, max-image-preview:large, max-video-preview:-1\" \/>\n<link rel=\"canonical\" href=\"https:\/\/bcch.com\/?p=396\" \/>\n<meta property=\"og:locale\" content=\"en_GB\" \/>\n<meta property=\"og:type\" content=\"article\" \/>\n<meta property=\"og:title\" content=\"EU Chambers Business Chill - BCCH\" \/>\n<meta property=\"og:description\" content=\"Date:&nbsp;March 20, 2019 18:00-20:30&nbsp;Venue:&nbsp;1024 Budapest, L\u00f6v\u0151h\u00e1z u. 30 Dear members and partners, we would like to invite you to the&nbsp;EU Chambers Business Chill,&nbsp;that is&nbsp;going to be held on the 20th of March in the Haus of the German Chamber of Commerce in Hungary.&nbsp;&nbsp; The event&#8217;s guest speaker will be&nbsp;H.E. Oleg Tulea,&nbsp;the Ambassador of the&nbsp;Republic of [&hellip;]\" \/>\n<meta property=\"og:url\" content=\"https:\/\/bcch.com\/?p=396\" \/>\n<meta property=\"og:site_name\" content=\"BCCH\" \/>\n<meta property=\"article:published_time\" content=\"2020-01-28T11:08:15+00:00\" \/>\n<meta property=\"article:modified_time\" content=\"2020-01-28T11:08:17+00:00\" \/>\n<meta name=\"author\" content=\"BCCH\" \/>\n<meta name=\"twitter:card\" content=\"summary_large_image\" \/>\n<meta name=\"twitter:label1\" content=\"Written by\" \/>\n\t<meta name=\"twitter:data1\" content=\"BCCH\" \/>\n\t<meta name=\"twitter:label2\" content=\"Estimated reading time\" \/>\n\t<meta name=\"twitter:data2\" content=\"1 minute\" \/>\n<script type=\"application\/ld+json\" class=\"yoast-schema-graph\">{\"@context\":\"https:\/\/schema.org\",\"@graph\":[{\"@type\":\"WebPage\",\"@id\":\"https:\/\/bcch.com\/?p=396\",\"url\":\"https:\/\/bcch.com\/?p=396\",\"name\":\"EU Chambers Business Chill - BCCH\",\"isPartOf\":{\"@id\":\"https:\/\/bcch.com\/#website\"},\"datePublished\":\"2020-01-28T11:08:15+00:00\",\"dateModified\":\"2020-01-28T11:08:17+00:00\",\"author\":{\"@id\":\"https:\/\/bcch.com\/#\/schema\/person\/765ca0c821af61bb6c36c872cd678fb1\"},\"breadcrumb\":{\"@id\":\"https:\/\/bcch.com\/?p=396#breadcrumb\"},\"inLanguage\":\"en-GB\",\"potentialAction\":[{\"@type\":\"ReadAction\",\"target\":[\"https:\/\/bcch.com\/?p=396\"]}]},{\"@type\":\"BreadcrumbList\",\"@id\":\"https:\/\/bcch.com\/?p=396#breadcrumb\",\"itemListElement\":[{\"@type\":\"ListItem\",\"position\":1,\"name\":\"Home\",\"item\":\"https:\/\/bcch.com\/\"},{\"@type\":\"ListItem\",\"position\":2,\"name\":\"EU Chambers Business Chill\"}]},{\"@type\":\"WebSite\",\"@id\":\"https:\/\/bcch.com\/#website\",\"url\":\"https:\/\/bcch.com\/\",\"name\":\"BCCH\",\"description\":\"British Chamber of Commerce in Hungary\",\"potentialAction\":[{\"@type\":\"SearchAction\",\"target\":{\"@type\":\"EntryPoint\",\"urlTemplate\":\"https:\/\/bcch.com\/?s={search_term_string}\"},\"query-input\":{\"@type\":\"PropertyValueSpecification\",\"valueRequired\":true,\"valueName\":\"search_term_string\"}}],\"inLanguage\":\"en-GB\"},{\"@type\":\"Person\",\"@id\":\"https:\/\/bcch.com\/#\/schema\/person\/765ca0c821af61bb6c36c872cd678fb1\",\"name\":\"BCCH\",\"image\":{\"@type\":\"ImageObject\",\"inLanguage\":\"en-GB\",\"@id\":\"https:\/\/bcch.com\/#\/schema\/person\/image\/\",\"url\":\"https:\/\/secure.gravatar.com\/avatar\/9c170d8ffd69a4ec807bfceefdf5e282?s=96&d=blank&r=g\",\"contentUrl\":\"https:\/\/secure.gravatar.com\/avatar\/9c170d8ffd69a4ec807bfceefdf5e282?s=96&d=blank&r=g\",\"caption\":\"BCCH\"},\"url\":\"https:\/\/bcch.com\/?author=1\"}]}<\/script>\n<!-- \/ Yoast SEO plugin. -->","yoast_head_json":{"title":"EU Chambers Business Chill - BCCH","robots":{"index":"index","follow":"follow","max-snippet":"max-snippet:-1","max-image-preview":"max-image-preview:large","max-video-preview":"max-video-preview:-1"},"canonical":"https:\/\/bcch.com\/?p=396","og_locale":"en_GB","og_type":"article","og_title":"EU Chambers Business Chill - BCCH","og_description":"Date:&nbsp;March 20, 2019 18:00-20:30&nbsp;Venue:&nbsp;1024 Budapest, L\u00f6v\u0151h\u00e1z u. 30 Dear members and partners, we would like to invite you to the&nbsp;EU Chambers Business Chill,&nbsp;that is&nbsp;going to be held on the 20th of March in the Haus of the German Chamber of Commerce in Hungary.&nbsp;&nbsp; The event&#8217;s guest speaker will be&nbsp;H.E. Oleg Tulea,&nbsp;the Ambassador of the&nbsp;Republic of [&hellip;]","og_url":"https:\/\/bcch.com\/?p=396","og_site_name":"BCCH","article_published_time":"2020-01-28T11:08:15+00:00","article_modified_time":"2020-01-28T11:08:17+00:00","author":"BCCH","twitter_card":"summary_large_image","twitter_misc":{"Written by":"BCCH","Estimated reading time":"1 minute"},"schema":{"@context":"https:\/\/schema.org","@graph":[{"@type":"WebPage","@id":"https:\/\/bcch.com\/?p=396","url":"https:\/\/bcch.com\/?p=396","name":"EU Chambers Business Chill - BCCH","isPartOf":{"@id":"https:\/\/bcch.com\/#website"},"datePublished":"2020-01-28T11:08:15+00:00","dateModified":"2020-01-28T11:08:17+00:00","author":{"@id":"https:\/\/bcch.com\/#\/schema\/person\/765ca0c821af61bb6c36c872cd678fb1"},"breadcrumb":{"@id":"https:\/\/bcch.com\/?p=396#breadcrumb"},"inLanguage":"en-GB","potentialAction":[{"@type":"ReadAction","target":["https:\/\/bcch.com\/?p=396"]}]},{"@type":"BreadcrumbList","@id":"https:\/\/bcch.com\/?p=396#breadcrumb","itemListElement":[{"@type":"ListItem","position":1,"name":"Home","item":"https:\/\/bcch.com\/"},{"@type":"ListItem","position":2,"name":"EU Chambers Business Chill"}]},{"@type":"WebSite","@id":"https:\/\/bcch.com\/#website","url":"https:\/\/bcch.com\/","name":"BCCH","description":"British Chamber of Commerce in Hungary","potentialAction":[{"@type":"SearchAction","target":{"@type":"EntryPoint","urlTemplate":"https:\/\/bcch.com\/?s={search_term_string}"},"query-input":{"@type":"PropertyValueSpecification","valueRequired":true,"valueName":"search_term_string"}}],"inLanguage":"en-GB"},{"@type":"Person","@id":"https:\/\/bcch.com\/#\/schema\/person\/765ca0c821af61bb6c36c872cd678fb1","name":"BCCH","image":{"@type":"ImageObject","inLanguage":"en-GB","@id":"https:\/\/bcch.com\/#\/schema\/person\/image\/","url":"https:\/\/secure.gravatar.com\/avatar\/9c170d8ffd69a4ec807bfceefdf5e282?s=96&d=blank&r=g","contentUrl":"https:\/\/secure.gravatar.com\/avatar\/9c170d8ffd69a4ec807bfceefdf5e282?s=96&d=blank&r=g","caption":"BCCH"},"url":"https:\/\/bcch.com\/?author=1"}]}},"_links":{"self":[{"href":"https:\/\/bcch.com\/index.php?rest_route=\/wp\/v2\/posts\/396","targetHints":{"allow":["GET"]}}],"collection":[{"href":"https:\/\/bcch.com\/index.php?rest_route=\/wp\/v2\/posts"}],"about":[{"href":"https:\/\/bcch.com\/index.php?rest_route=\/wp\/v2\/types\/post"}],"author":[{"embeddable":true,"href":"https:\/\/bcch.com\/index.php?rest_route=\/wp\/v2\/users\/1"}],"replies":[{"embeddable":true,"href":"https:\/\/bcch.com\/index.php?rest_route=%2Fwp%2Fv2%2Fcomments&post=396"}],"version-history":[{"count":1,"href":"https:\/\/bcch.com\/index.php?rest_route=\/wp\/v2\/posts\/396\/revisions"}],"predecessor-version":[{"id":397,"href":"https:\/\/bcch.com\/index.php?rest_route=\/wp\/v2\/posts\/396\/revisions\/397"}],"wp:attachment":[{"href":"https:\/\/bcch.com\/index.php?rest_route=%2Fwp%2Fv2%2Fmedia&parent=396"}],"wp:term":[{"taxonomy":"category","embeddable":true,"href":"https:\/\/bcch.com\/index.php?rest_route=%2Fwp%2Fv2%2Fcategories&post=396"},{"taxonomy":"post_tag","embeddable":true,"href":"https:\/\/bcch.com\/index.php?rest_route=%2Fwp%2Fv2%2Ftags&post=396"}],"curies":[{"name":"wp","href":"https:\/\/api.w.org\/{rel}","templated":true}]}}