{"id":356,"date":"2020-01-28T11:34:49","date_gmt":"2020-01-28T10:34:49","guid":{"rendered":"http:\/\/teszt1.bcch.com\/?p=356"},"modified":"2020-01-28T11:34:51","modified_gmt":"2020-01-28T10:34:51","slug":"brexit-new-focuses-and-new-priorities-forum-bcci","status":"publish","type":"post","link":"https:\/\/bcch.com\/?p=356","title":{"rendered":"Brexit \u2013 New Focuses and New Priorities Forum \/ BCCI"},"content":{"rendered":"\n<h2 class=\"wp-block-heading\"><\/h2>\n\n\n\n<p><strong>Date<\/strong>: May 13, 2019 13:00-15:30<br><strong>Venue<\/strong>: 1016 Budapest, Krisztina k\u00f6r\u00fat 99. VII floor, Sz\u00e9chenyi hall<\/p>\n\n\n\n<p>Dear members and friends of the Chamber, the BCCH kindly recommends this program for your consideration:<\/p>\n\n\n\n<p>The Budapest Chamber of Commerce and Industry and the International and Foreign Economy Cabinet cordially invites you to<\/p>\n\n\n\n<p><strong>Brexit \u2013 New Focuses and New Priorities&nbsp;<\/strong><strong>Forum<\/strong><\/p>\n\n\n\n<p>Date:&nbsp;&nbsp;&nbsp;&nbsp;&nbsp;&nbsp;&nbsp;&nbsp;&nbsp;13<sup>th<\/sup>&nbsp;May 2019 at 13<em>:<\/em>00 o\u2019clock<\/p>\n\n\n\n<p>Place:&nbsp;&nbsp;&nbsp;&nbsp;&nbsp;&nbsp;&nbsp;Budapest Chamber of Commerce and Industry (1016 Budapest, Krisztina krt. 99.), VII. floor, Sz\u00e9chenyi Hall<\/p>\n\n\n\n<p><strong>Program:<\/strong><\/p>\n\n\n\n<p><em>Moderator:<\/em><\/p>\n\n\n\n<p><em>13:00-13:05&nbsp;<strong>Mr.<\/strong>&nbsp;<strong>Andr\u00e1s R\u00e9v<\/strong>,&nbsp;<\/em>President of the International and Foreign Economy Cabinet, Budapest Chamber of Commerce and Industry&nbsp;&nbsp;<\/p>\n\n\n\n<p>13<em>:<\/em>05-13<em>:<\/em>15<strong>&nbsp;Opening speech \u2013<\/strong>&nbsp;<strong>Mr.<\/strong>&nbsp;<strong>Elek Nagy,<\/strong>&nbsp;President, Budapest Chamber of Commerce and Industry<\/p>\n\n\n\n<p>13<em>:<\/em>15-13<em>:<\/em>35<strong>&nbsp;Presentation \u2013 Mr. Tam\u00e1s Vargha,<\/strong>&nbsp;Minister of State, Ministry of Foreign Affairs and Trade<\/p>\n\n\n\n<p>13<em>:<\/em>35- 13<em>:<\/em>55<strong>&nbsp;Presentation \u2013 H.E. Iain Lindsay OBE,<\/strong>&nbsp;Ambassador, British Embassy Hungary<\/p>\n\n\n\n<p>13<em>:<\/em>55-14<em>:<\/em>30<strong>&nbsp;Presentation \u2013 Mr. G\u00e1bor Farkas,<\/strong>&nbsp;Director, PwC<\/p>\n\n\n\n<p><em>14:30 \u2013 15<\/em><em>:<\/em><em>00&nbsp;<strong>Q<\/strong><\/em><strong><em>&amp;<\/em><\/strong><strong><em>A<\/em><\/strong><strong>&nbsp;<\/strong><\/p>\n\n\n\n<p><em>15:00 -15:30&nbsp;<\/em><strong>Reception<\/strong><\/p>\n\n\n\n<p>The language of the event will be Hungarian and English. Please not that there are only a limited number of places left, which will be allocated on a first come, first serve basis.<\/p>\n\n\n\n<h4 class=\"wp-block-heading\">Participation at the event is free of charge, but registration is needed, which you can complete by following&nbsp;<strong><a href=\"http:\/\/regisztracio.bkik.hu\/?q=node\/220\">this link.<\/a><\/strong><\/h4>\n\n\n\n<p>Looking forward to seeing you at the event!<\/p>\n","protected":false},"excerpt":{"rendered":"<p>Date: May 13, 2019 13:00-15:30Venue: 1016 Budapest, Krisztina k\u00f6r\u00fat 99. VII floor, Sz\u00e9chenyi hall Dear members and friends of the Chamber, the BCCH kindly recommends this program for your consideration: The Budapest Chamber of Commerce and Industry and the International and Foreign Economy Cabinet cordially invites you to Brexit \u2013 New Focuses and New Priorities&nbsp;Forum [&hellip;]<\/p>\n","protected":false},"author":1,"featured_media":0,"comment_status":"closed","ping_status":"open","sticky":false,"template":"","format":"standard","meta":{"_et_pb_use_builder":"off","_et_pb_old_content":"","_et_gb_content_width":"1080","footnotes":""},"categories":[4],"tags":[],"class_list":["post-356","post","type-post","status-publish","format-standard","hentry","category-events"],"yoast_head":"<!-- This site is optimized with the Yoast SEO plugin v24.7 - https:\/\/yoast.com\/wordpress\/plugins\/seo\/ -->\n<title>Brexit \u2013 New Focuses and New Priorities Forum \/ BCCI - BCCH<\/title>\n<meta name=\"robots\" content=\"index, follow, max-snippet:-1, max-image-preview:large, max-video-preview:-1\" \/>\n<link rel=\"canonical\" href=\"https:\/\/bcch.com\/?p=356\" \/>\n<meta property=\"og:locale\" content=\"en_GB\" \/>\n<meta property=\"og:type\" content=\"article\" \/>\n<meta property=\"og:title\" content=\"Brexit \u2013 New Focuses and New Priorities Forum \/ BCCI - BCCH\" \/>\n<meta property=\"og:description\" content=\"Date: May 13, 2019 13:00-15:30Venue: 1016 Budapest, Krisztina k\u00f6r\u00fat 99. VII floor, Sz\u00e9chenyi hall Dear members and friends of the Chamber, the BCCH kindly recommends this program for your consideration: The Budapest Chamber of Commerce and Industry and the International and Foreign Economy Cabinet cordially invites you to Brexit \u2013 New Focuses and New Priorities&nbsp;Forum [&hellip;]\" \/>\n<meta property=\"og:url\" content=\"https:\/\/bcch.com\/?p=356\" \/>\n<meta property=\"og:site_name\" content=\"BCCH\" \/>\n<meta property=\"article:published_time\" content=\"2020-01-28T10:34:49+00:00\" \/>\n<meta property=\"article:modified_time\" content=\"2020-01-28T10:34:51+00:00\" \/>\n<meta name=\"author\" content=\"BCCH\" \/>\n<meta name=\"twitter:card\" content=\"summary_large_image\" \/>\n<meta name=\"twitter:label1\" content=\"Written by\" \/>\n\t<meta name=\"twitter:data1\" content=\"BCCH\" \/>\n\t<meta name=\"twitter:label2\" content=\"Estimated reading time\" \/>\n\t<meta name=\"twitter:data2\" content=\"1 minute\" \/>\n<script type=\"application\/ld+json\" class=\"yoast-schema-graph\">{\"@context\":\"https:\/\/schema.org\",\"@graph\":[{\"@type\":\"WebPage\",\"@id\":\"https:\/\/bcch.com\/?p=356\",\"url\":\"https:\/\/bcch.com\/?p=356\",\"name\":\"Brexit \u2013 New Focuses and New Priorities Forum \/ BCCI - BCCH\",\"isPartOf\":{\"@id\":\"https:\/\/bcch.com\/#website\"},\"datePublished\":\"2020-01-28T10:34:49+00:00\",\"dateModified\":\"2020-01-28T10:34:51+00:00\",\"author\":{\"@id\":\"https:\/\/bcch.com\/#\/schema\/person\/765ca0c821af61bb6c36c872cd678fb1\"},\"breadcrumb\":{\"@id\":\"https:\/\/bcch.com\/?p=356#breadcrumb\"},\"inLanguage\":\"en-GB\",\"potentialAction\":[{\"@type\":\"ReadAction\",\"target\":[\"https:\/\/bcch.com\/?p=356\"]}]},{\"@type\":\"BreadcrumbList\",\"@id\":\"https:\/\/bcch.com\/?p=356#breadcrumb\",\"itemListElement\":[{\"@type\":\"ListItem\",\"position\":1,\"name\":\"Home\",\"item\":\"https:\/\/bcch.com\/\"},{\"@type\":\"ListItem\",\"position\":2,\"name\":\"Brexit \u2013 New Focuses and New Priorities Forum \/ BCCI\"}]},{\"@type\":\"WebSite\",\"@id\":\"https:\/\/bcch.com\/#website\",\"url\":\"https:\/\/bcch.com\/\",\"name\":\"BCCH\",\"description\":\"British Chamber of Commerce in Hungary\",\"potentialAction\":[{\"@type\":\"SearchAction\",\"target\":{\"@type\":\"EntryPoint\",\"urlTemplate\":\"https:\/\/bcch.com\/?s={search_term_string}\"},\"query-input\":{\"@type\":\"PropertyValueSpecification\",\"valueRequired\":true,\"valueName\":\"search_term_string\"}}],\"inLanguage\":\"en-GB\"},{\"@type\":\"Person\",\"@id\":\"https:\/\/bcch.com\/#\/schema\/person\/765ca0c821af61bb6c36c872cd678fb1\",\"name\":\"BCCH\",\"image\":{\"@type\":\"ImageObject\",\"inLanguage\":\"en-GB\",\"@id\":\"https:\/\/bcch.com\/#\/schema\/person\/image\/\",\"url\":\"https:\/\/secure.gravatar.com\/avatar\/9c170d8ffd69a4ec807bfceefdf5e282?s=96&d=blank&r=g\",\"contentUrl\":\"https:\/\/secure.gravatar.com\/avatar\/9c170d8ffd69a4ec807bfceefdf5e282?s=96&d=blank&r=g\",\"caption\":\"BCCH\"},\"url\":\"https:\/\/bcch.com\/?author=1\"}]}<\/script>\n<!-- \/ Yoast SEO plugin. -->","yoast_head_json":{"title":"Brexit \u2013 New Focuses and New Priorities Forum \/ BCCI - BCCH","robots":{"index":"index","follow":"follow","max-snippet":"max-snippet:-1","max-image-preview":"max-image-preview:large","max-video-preview":"max-video-preview:-1"},"canonical":"https:\/\/bcch.com\/?p=356","og_locale":"en_GB","og_type":"article","og_title":"Brexit \u2013 New Focuses and New Priorities Forum \/ BCCI - BCCH","og_description":"Date: May 13, 2019 13:00-15:30Venue: 1016 Budapest, Krisztina k\u00f6r\u00fat 99. VII floor, Sz\u00e9chenyi hall Dear members and friends of the Chamber, the BCCH kindly recommends this program for your consideration: The Budapest Chamber of Commerce and Industry and the International and Foreign Economy Cabinet cordially invites you to Brexit \u2013 New Focuses and New Priorities&nbsp;Forum [&hellip;]","og_url":"https:\/\/bcch.com\/?p=356","og_site_name":"BCCH","article_published_time":"2020-01-28T10:34:49+00:00","article_modified_time":"2020-01-28T10:34:51+00:00","author":"BCCH","twitter_card":"summary_large_image","twitter_misc":{"Written by":"BCCH","Estimated reading time":"1 minute"},"schema":{"@context":"https:\/\/schema.org","@graph":[{"@type":"WebPage","@id":"https:\/\/bcch.com\/?p=356","url":"https:\/\/bcch.com\/?p=356","name":"Brexit \u2013 New Focuses and New Priorities Forum \/ BCCI - BCCH","isPartOf":{"@id":"https:\/\/bcch.com\/#website"},"datePublished":"2020-01-28T10:34:49+00:00","dateModified":"2020-01-28T10:34:51+00:00","author":{"@id":"https:\/\/bcch.com\/#\/schema\/person\/765ca0c821af61bb6c36c872cd678fb1"},"breadcrumb":{"@id":"https:\/\/bcch.com\/?p=356#breadcrumb"},"inLanguage":"en-GB","potentialAction":[{"@type":"ReadAction","target":["https:\/\/bcch.com\/?p=356"]}]},{"@type":"BreadcrumbList","@id":"https:\/\/bcch.com\/?p=356#breadcrumb","itemListElement":[{"@type":"ListItem","position":1,"name":"Home","item":"https:\/\/bcch.com\/"},{"@type":"ListItem","position":2,"name":"Brexit \u2013 New Focuses and New Priorities Forum \/ BCCI"}]},{"@type":"WebSite","@id":"https:\/\/bcch.com\/#website","url":"https:\/\/bcch.com\/","name":"BCCH","description":"British Chamber of Commerce in Hungary","potentialAction":[{"@type":"SearchAction","target":{"@type":"EntryPoint","urlTemplate":"https:\/\/bcch.com\/?s={search_term_string}"},"query-input":{"@type":"PropertyValueSpecification","valueRequired":true,"valueName":"search_term_string"}}],"inLanguage":"en-GB"},{"@type":"Person","@id":"https:\/\/bcch.com\/#\/schema\/person\/765ca0c821af61bb6c36c872cd678fb1","name":"BCCH","image":{"@type":"ImageObject","inLanguage":"en-GB","@id":"https:\/\/bcch.com\/#\/schema\/person\/image\/","url":"https:\/\/secure.gravatar.com\/avatar\/9c170d8ffd69a4ec807bfceefdf5e282?s=96&d=blank&r=g","contentUrl":"https:\/\/secure.gravatar.com\/avatar\/9c170d8ffd69a4ec807bfceefdf5e282?s=96&d=blank&r=g","caption":"BCCH"},"url":"https:\/\/bcch.com\/?author=1"}]}},"_links":{"self":[{"href":"https:\/\/bcch.com\/index.php?rest_route=\/wp\/v2\/posts\/356","targetHints":{"allow":["GET"]}}],"collection":[{"href":"https:\/\/bcch.com\/index.php?rest_route=\/wp\/v2\/posts"}],"about":[{"href":"https:\/\/bcch.com\/index.php?rest_route=\/wp\/v2\/types\/post"}],"author":[{"embeddable":true,"href":"https:\/\/bcch.com\/index.php?rest_route=\/wp\/v2\/users\/1"}],"replies":[{"embeddable":true,"href":"https:\/\/bcch.com\/index.php?rest_route=%2Fwp%2Fv2%2Fcomments&post=356"}],"version-history":[{"count":1,"href":"https:\/\/bcch.com\/index.php?rest_route=\/wp\/v2\/posts\/356\/revisions"}],"predecessor-version":[{"id":357,"href":"https:\/\/bcch.com\/index.php?rest_route=\/wp\/v2\/posts\/356\/revisions\/357"}],"wp:attachment":[{"href":"https:\/\/bcch.com\/index.php?rest_route=%2Fwp%2Fv2%2Fmedia&parent=356"}],"wp:term":[{"taxonomy":"category","embeddable":true,"href":"https:\/\/bcch.com\/index.php?rest_route=%2Fwp%2Fv2%2Fcategories&post=356"},{"taxonomy":"post_tag","embeddable":true,"href":"https:\/\/bcch.com\/index.php?rest_route=%2Fwp%2Fv2%2Ftags&post=356"}],"curies":[{"name":"wp","href":"https:\/\/api.w.org\/{rel}","templated":true}]}}