{"id":354,"date":"2020-01-28T11:31:02","date_gmt":"2020-01-28T10:31:02","guid":{"rendered":"http:\/\/teszt1.bcch.com\/?p=354"},"modified":"2020-01-28T11:31:04","modified_gmt":"2020-01-28T10:31:04","slug":"annual-general-meeting-2019","status":"publish","type":"post","link":"https:\/\/bcch.com\/?p=354","title":{"rendered":"Annual General Meeting 2019"},"content":{"rendered":"\n<h2 class=\"wp-block-heading\"><\/h2>\n\n\n\n<p><strong>The British Chamber of Commerce in Hungary<\/strong><br><br>is pleased to invite its members to its<br><br><strong>Annual General Meeting 2019<\/strong><br><\/p>\n\n\n\n<figure class=\"wp-block-image\"><img decoding=\"async\" src=\"https:\/\/www.bcch.com\/images\/EvUpdtaelogo2.png\" alt=\"\"\/><\/figure>\n\n\n\n<p><strong>Date:<\/strong>&nbsp;Tuesday,&nbsp;7 May 2019, 17:00 (registration from 16:45)<br><strong>Venue:<\/strong>&nbsp;Eiffel Palace, PwC Academy (1055 Budapest, Bajcsy-Zsilinszky \u00fat 78.)<\/p>\n\n\n\n<p>In line with the BCCH Charter, the Council elections for next year will take place at this year&#8217;s AGM and the past 12 months will be discussed as per usual.<\/p>\n\n\n\n<figure class=\"wp-block-image\"><img decoding=\"async\" src=\"https:\/\/www.bcch.com\/images\/8.jpg\" alt=\"\"\/><\/figure>\n\n\n\n<h2 class=\"wp-block-heading\"><strong>Agenda<\/strong><\/h2>\n\n\n\n<figure class=\"wp-block-table\"><table class=\"\"><tbody><tr><td>&nbsp;<\/td><\/tr><tr><td>&nbsp;<\/td><td>&nbsp;<\/td><\/tr><tr><td>16:45<\/td><td>Registration opens<\/td><\/tr><tr><td>17:15<\/td><td>Welcome speech by Her Majesty\u2019s Ambassador HE Mr Iain Lindsay OBE<\/td><\/tr><tr><td>17:30<\/td><td>Approval of the Chairman\u2019s report, presented by Vazul T\u00f3th<\/td><\/tr><tr><td>17:40<\/td><td>Approval of the Financial Report and Auditor\u2019s Report (approval of the BCCH accounts for 2018) by BCCH\u2019s Treasurer \u00c1rp\u00e1d Bal\u00e1zs<\/td><\/tr><tr><td>17:50<\/td><td><strong>Election of the Chairman and Councillors<br><\/strong>\u2022 Explanation of the voting procedure: Distribution of a maximum of&nbsp;7 votes in total, make only ONE vote for chairperson and six for councillors. The elected chair will also be a member of the Council.<br>\u2022 Nominees have 2 minutes to introduce themselves,&nbsp;dr. Csongor Tompa,&nbsp;representative of CMS Cameron McKenna&nbsp;will read the profiles of those not present<\/td><\/tr><tr><td>18:35<\/td><td>Election of the Supervisory Board members<\/td><\/tr><tr><td>18:40<\/td><td>Vote on charter modification &#8211; You can find the charter with the amended parts highlighted<strong>&nbsp;<a href=\"https:\/\/www.bcch.com\/images\/CharterModEN.pdf\">here<\/a><\/strong>&nbsp;(EN) and&nbsp;<a href=\"https:\/\/www.bcch.com\/images\/CharterModHU.pdf\">here<\/a>&nbsp;(HU)<\/td><\/tr><tr><td>&nbsp;<\/td><\/tr><tr><td>The moderator closes the AGM.<\/td><\/tr><tr><td>&nbsp;<\/td><\/tr><tr><td>&nbsp;<\/td><\/tr><tr><td><strong>Reception<\/strong><\/td><\/tr><tr><td>&nbsp;<\/td><\/tr><tr><td>18:45<\/td><td>Registration for invited guests and non BCCH members and Welcome drinks<\/td><\/tr><tr><td>19:00<\/td><td><em>Fireside Chat<\/em>&nbsp;with guest speaker<strong>&nbsp;<a href=\"https:\/\/www.linkedin.com\/in\/melanie-seymour-7ba94414\/\">Melanie Seymour<\/a><\/strong>, CEO of BlackRock Budapest and&nbsp;<strong><a href=\"https:\/\/www.linkedin.com\/in\/kingakalocsai\">Kinga Kalocsai<\/a><\/strong>, BCCH Council member<\/td><\/tr><tr><td>19:30<\/td><td>Dr. Csongor Tompa announces&nbsp;the results of the election<\/td><\/tr><tr><td>19:45<\/td><td><strong>The&nbsp;outgoing chairman toasts to the new Council and Speech by elected Chairman<\/strong><\/td><\/tr><tr><td>20:00<\/td><td>Dinner begins<\/td><\/tr><tr><td>22:00<\/td><td>End of event<\/td><\/tr><tr><td>&nbsp;<\/td><\/tr><\/tbody><\/table><\/figure>\n\n\n\n<figure class=\"wp-block-table\"><table class=\"\"><tbody><tr><td>The candidates up for election are the following:<br><strong>Candidates for the Chairman position<\/strong><br>1.&nbsp;<a href=\"https:\/\/www.bcch.com\/images\/docs\/Duncan_Graham.pdf\">Duncan Graham, G&amp;G Wealth Limited<\/a><br><br><strong>Candidates for Council membership<\/strong><br>1.&nbsp;<a href=\"https:\/\/www.bcch.com\/images\/docs\/Douglas_Arnott.pdf\">Douglas Arnott, EDMF Language Services<\/a><br>2.&nbsp;<a href=\"https:\/\/www.bcch.com\/images\/docs\/Paul_Fegan.pdf\">Paul Fegan, Ecosse World Logistics<\/a><br>3.&nbsp;<a href=\"https:\/\/www.bcch.com\/images\/docs\/Peter_Gyuros.pdf\">P\u00e9ter Gy\u00far\u00f3s, Shell Hungary<\/a><br>4.&nbsp;<a href=\"https:\/\/www.bcch.com\/images\/Judit_Igldi-Csat.pdf\">Judit Igl\u00f3dy-Csat\u00f3, GSK Hungary<\/a><br>5.&nbsp;<a href=\"https:\/\/www.bcch.com\/images\/docs\/Kinga_Kalocsai.pdf\">Kinga Kalocsai, FirstMed<\/a><br>6.&nbsp;<a href=\"https:\/\/www.bcch.com\/images\/docs\/Karoly_Oelberg.pdf\">K\u00e1roly Oelberg, AACM Central Europe Ltd.<\/a>&nbsp;If no quorum is present at the time of the Annual General Meeting, the adjourned General Meeting shall convene at&nbsp;<strong>17:15&nbsp;on 7 May 2019&nbsp;<\/strong>at the same place and such meeting shall have a quorum as regards the matters included in the agenda of the previous Meeting, regardless of the number of Members present or represented.<strong>Participation at the official part of the AGM is for members only and free of charge, but please note that only a maximum of two people from any member company may attend, and each voting member company will have the right to one vote only.<\/strong><strong>The following Business Networking Reception is open to everyone interested.<\/strong><br><br>Members who are entitled to vote but cannot delegate anyone from the company to attend the Annual General Meeting will have the option to appoint a representative of another BCCH voting member with discretionary power to vote for and on behalf of them with a written proxy, a form for which is available&nbsp;<strong><a href=\"https:\/\/www.bcch.com\/images\/AGM_Proxy_Form_2019.pdf\">here<\/a><\/strong>. The number of proxies that a BCCH member can present at the event is limited to a maximum of two. (Please note that the form has to be presented only if the delegate works for another member company, it is not needed if the delegate works within the same firm).<br><br><strong>A member whose membership fee has not been fully paid before the AGM shall&nbsp;<em>not<\/em>&nbsp;be entitled to attend and vote, so if in doubt please contact our colleagues at the Finance Department of the BCCH at&nbsp;<a href=\"mailto:finance@bcch.com\">finance@bcch.com.<\/a><\/strong><br><br>Individual and Honorary members are non-voting members but have the right to attend and observe the AGM.&nbsp;<strong>PLEASE CLICK<a href=\"https:\/\/www.bcch.com\/events-calendar\/register-for-events-now\">&nbsp;HERE<\/a>&nbsp;TO REGISTER.<br><\/strong><strong>Participation fee:<br><\/strong>BCCH members &#8211; free of charge<br>(only a maximum of two people from any member company may attend free of charge, and each voting member company will have the right to one vote only)<br>Non-members &#8211; HUF&nbsp;14 000 + VAT (reception only)Please confirm your attendance by noon, Friday May 3 the latest.<strong>Participation fees<\/strong>&nbsp;(a gross amount of HUF&nbsp;17 780 for non-members) are transferable to&nbsp;<strong>Magyarorsz\u00e1gi Brit Kereskedelmi Kamara at Budapest Bank<\/strong>, HU72-10102244-82717800-01004000&nbsp;(Swift code: BUDAHUHB, HUF bank account)with the indication of the event title (AGM reception). Please note that the original invoice will be issued and sent to the email address provided in the registration process of the event once the event has taken place.&nbsp;<\/td><\/tr><\/tbody><\/table><\/figure>\n\n\n\n<figure class=\"wp-block-image\"><img decoding=\"async\" src=\"https:\/\/www.bcch.com\/images\/mainspo2.png\" alt=\"\"\/><\/figure>\n\n\n\n<figure class=\"wp-block-image\"><img decoding=\"async\" src=\"https:\/\/www.bcch.com\/images\/simaspo5b.png\" alt=\"\"\/><\/figure>\n","protected":false},"excerpt":{"rendered":"<p>The British Chamber of Commerce in Hungary is pleased to invite its members to its Annual General Meeting 2019 Date:&nbsp;Tuesday,&nbsp;7 May 2019, 17:00 (registration from 16:45)Venue:&nbsp;Eiffel Palace, PwC Academy (1055 Budapest, Bajcsy-Zsilinszky \u00fat 78.) In line with the BCCH Charter, the Council elections for next year will take place at this year&#8217;s AGM and the [&hellip;]<\/p>\n","protected":false},"author":1,"featured_media":0,"comment_status":"closed","ping_status":"open","sticky":false,"template":"","format":"standard","meta":{"_et_pb_use_builder":"off","_et_pb_old_content":"","_et_gb_content_width":"1080","footnotes":""},"categories":[4],"tags":[],"class_list":["post-354","post","type-post","status-publish","format-standard","hentry","category-events"],"yoast_head":"<!-- This site is optimized with the Yoast SEO plugin v24.7 - https:\/\/yoast.com\/wordpress\/plugins\/seo\/ -->\n<title>Annual General Meeting 2019 - BCCH<\/title>\n<meta name=\"robots\" content=\"index, follow, max-snippet:-1, max-image-preview:large, max-video-preview:-1\" \/>\n<link rel=\"canonical\" href=\"https:\/\/bcch.com\/?p=354\" \/>\n<meta property=\"og:locale\" content=\"en_GB\" \/>\n<meta property=\"og:type\" content=\"article\" \/>\n<meta property=\"og:title\" content=\"Annual General Meeting 2019 - BCCH\" \/>\n<meta property=\"og:description\" content=\"The British Chamber of Commerce in Hungary is pleased to invite its members to its Annual General Meeting 2019 Date:&nbsp;Tuesday,&nbsp;7 May 2019, 17:00 (registration from 16:45)Venue:&nbsp;Eiffel Palace, PwC Academy (1055 Budapest, Bajcsy-Zsilinszky \u00fat 78.) In line with the BCCH Charter, the Council elections for next year will take place at this year&#8217;s AGM and the [&hellip;]\" \/>\n<meta property=\"og:url\" content=\"https:\/\/bcch.com\/?p=354\" \/>\n<meta property=\"og:site_name\" content=\"BCCH\" \/>\n<meta property=\"article:published_time\" content=\"2020-01-28T10:31:02+00:00\" \/>\n<meta property=\"article:modified_time\" content=\"2020-01-28T10:31:04+00:00\" \/>\n<meta property=\"og:image\" content=\"https:\/\/www.bcch.com\/images\/EvUpdtaelogo2.png\" \/>\n<meta name=\"author\" content=\"BCCH\" \/>\n<meta name=\"twitter:card\" content=\"summary_large_image\" \/>\n<meta name=\"twitter:label1\" content=\"Written by\" \/>\n\t<meta name=\"twitter:data1\" content=\"BCCH\" \/>\n\t<meta name=\"twitter:label2\" content=\"Estimated reading time\" \/>\n\t<meta name=\"twitter:data2\" content=\"4 minutes\" \/>\n<script type=\"application\/ld+json\" class=\"yoast-schema-graph\">{\"@context\":\"https:\/\/schema.org\",\"@graph\":[{\"@type\":\"WebPage\",\"@id\":\"https:\/\/bcch.com\/?p=354\",\"url\":\"https:\/\/bcch.com\/?p=354\",\"name\":\"Annual General Meeting 2019 - BCCH\",\"isPartOf\":{\"@id\":\"https:\/\/bcch.com\/#website\"},\"primaryImageOfPage\":{\"@id\":\"https:\/\/bcch.com\/?p=354#primaryimage\"},\"image\":{\"@id\":\"https:\/\/bcch.com\/?p=354#primaryimage\"},\"thumbnailUrl\":\"https:\/\/www.bcch.com\/images\/EvUpdtaelogo2.png\",\"datePublished\":\"2020-01-28T10:31:02+00:00\",\"dateModified\":\"2020-01-28T10:31:04+00:00\",\"author\":{\"@id\":\"https:\/\/bcch.com\/#\/schema\/person\/765ca0c821af61bb6c36c872cd678fb1\"},\"breadcrumb\":{\"@id\":\"https:\/\/bcch.com\/?p=354#breadcrumb\"},\"inLanguage\":\"en-GB\",\"potentialAction\":[{\"@type\":\"ReadAction\",\"target\":[\"https:\/\/bcch.com\/?p=354\"]}]},{\"@type\":\"ImageObject\",\"inLanguage\":\"en-GB\",\"@id\":\"https:\/\/bcch.com\/?p=354#primaryimage\",\"url\":\"https:\/\/www.bcch.com\/images\/EvUpdtaelogo2.png\",\"contentUrl\":\"https:\/\/www.bcch.com\/images\/EvUpdtaelogo2.png\"},{\"@type\":\"BreadcrumbList\",\"@id\":\"https:\/\/bcch.com\/?p=354#breadcrumb\",\"itemListElement\":[{\"@type\":\"ListItem\",\"position\":1,\"name\":\"Home\",\"item\":\"https:\/\/bcch.com\/\"},{\"@type\":\"ListItem\",\"position\":2,\"name\":\"Annual General Meeting 2019\"}]},{\"@type\":\"WebSite\",\"@id\":\"https:\/\/bcch.com\/#website\",\"url\":\"https:\/\/bcch.com\/\",\"name\":\"BCCH\",\"description\":\"British Chamber of Commerce in Hungary\",\"potentialAction\":[{\"@type\":\"SearchAction\",\"target\":{\"@type\":\"EntryPoint\",\"urlTemplate\":\"https:\/\/bcch.com\/?s={search_term_string}\"},\"query-input\":{\"@type\":\"PropertyValueSpecification\",\"valueRequired\":true,\"valueName\":\"search_term_string\"}}],\"inLanguage\":\"en-GB\"},{\"@type\":\"Person\",\"@id\":\"https:\/\/bcch.com\/#\/schema\/person\/765ca0c821af61bb6c36c872cd678fb1\",\"name\":\"BCCH\",\"image\":{\"@type\":\"ImageObject\",\"inLanguage\":\"en-GB\",\"@id\":\"https:\/\/bcch.com\/#\/schema\/person\/image\/\",\"url\":\"https:\/\/secure.gravatar.com\/avatar\/9c170d8ffd69a4ec807bfceefdf5e282?s=96&d=blank&r=g\",\"contentUrl\":\"https:\/\/secure.gravatar.com\/avatar\/9c170d8ffd69a4ec807bfceefdf5e282?s=96&d=blank&r=g\",\"caption\":\"BCCH\"},\"url\":\"https:\/\/bcch.com\/?author=1\"}]}<\/script>\n<!-- \/ Yoast SEO plugin. -->","yoast_head_json":{"title":"Annual General Meeting 2019 - BCCH","robots":{"index":"index","follow":"follow","max-snippet":"max-snippet:-1","max-image-preview":"max-image-preview:large","max-video-preview":"max-video-preview:-1"},"canonical":"https:\/\/bcch.com\/?p=354","og_locale":"en_GB","og_type":"article","og_title":"Annual General Meeting 2019 - BCCH","og_description":"The British Chamber of Commerce in Hungary is pleased to invite its members to its Annual General Meeting 2019 Date:&nbsp;Tuesday,&nbsp;7 May 2019, 17:00 (registration from 16:45)Venue:&nbsp;Eiffel Palace, PwC Academy (1055 Budapest, Bajcsy-Zsilinszky \u00fat 78.) In line with the BCCH Charter, the Council elections for next year will take place at this year&#8217;s AGM and the [&hellip;]","og_url":"https:\/\/bcch.com\/?p=354","og_site_name":"BCCH","article_published_time":"2020-01-28T10:31:02+00:00","article_modified_time":"2020-01-28T10:31:04+00:00","og_image":[{"url":"https:\/\/www.bcch.com\/images\/EvUpdtaelogo2.png","type":"","width":"","height":""}],"author":"BCCH","twitter_card":"summary_large_image","twitter_misc":{"Written by":"BCCH","Estimated reading time":"4 minutes"},"schema":{"@context":"https:\/\/schema.org","@graph":[{"@type":"WebPage","@id":"https:\/\/bcch.com\/?p=354","url":"https:\/\/bcch.com\/?p=354","name":"Annual General Meeting 2019 - BCCH","isPartOf":{"@id":"https:\/\/bcch.com\/#website"},"primaryImageOfPage":{"@id":"https:\/\/bcch.com\/?p=354#primaryimage"},"image":{"@id":"https:\/\/bcch.com\/?p=354#primaryimage"},"thumbnailUrl":"https:\/\/www.bcch.com\/images\/EvUpdtaelogo2.png","datePublished":"2020-01-28T10:31:02+00:00","dateModified":"2020-01-28T10:31:04+00:00","author":{"@id":"https:\/\/bcch.com\/#\/schema\/person\/765ca0c821af61bb6c36c872cd678fb1"},"breadcrumb":{"@id":"https:\/\/bcch.com\/?p=354#breadcrumb"},"inLanguage":"en-GB","potentialAction":[{"@type":"ReadAction","target":["https:\/\/bcch.com\/?p=354"]}]},{"@type":"ImageObject","inLanguage":"en-GB","@id":"https:\/\/bcch.com\/?p=354#primaryimage","url":"https:\/\/www.bcch.com\/images\/EvUpdtaelogo2.png","contentUrl":"https:\/\/www.bcch.com\/images\/EvUpdtaelogo2.png"},{"@type":"BreadcrumbList","@id":"https:\/\/bcch.com\/?p=354#breadcrumb","itemListElement":[{"@type":"ListItem","position":1,"name":"Home","item":"https:\/\/bcch.com\/"},{"@type":"ListItem","position":2,"name":"Annual General Meeting 2019"}]},{"@type":"WebSite","@id":"https:\/\/bcch.com\/#website","url":"https:\/\/bcch.com\/","name":"BCCH","description":"British Chamber of Commerce in Hungary","potentialAction":[{"@type":"SearchAction","target":{"@type":"EntryPoint","urlTemplate":"https:\/\/bcch.com\/?s={search_term_string}"},"query-input":{"@type":"PropertyValueSpecification","valueRequired":true,"valueName":"search_term_string"}}],"inLanguage":"en-GB"},{"@type":"Person","@id":"https:\/\/bcch.com\/#\/schema\/person\/765ca0c821af61bb6c36c872cd678fb1","name":"BCCH","image":{"@type":"ImageObject","inLanguage":"en-GB","@id":"https:\/\/bcch.com\/#\/schema\/person\/image\/","url":"https:\/\/secure.gravatar.com\/avatar\/9c170d8ffd69a4ec807bfceefdf5e282?s=96&d=blank&r=g","contentUrl":"https:\/\/secure.gravatar.com\/avatar\/9c170d8ffd69a4ec807bfceefdf5e282?s=96&d=blank&r=g","caption":"BCCH"},"url":"https:\/\/bcch.com\/?author=1"}]}},"_links":{"self":[{"href":"https:\/\/bcch.com\/index.php?rest_route=\/wp\/v2\/posts\/354","targetHints":{"allow":["GET"]}}],"collection":[{"href":"https:\/\/bcch.com\/index.php?rest_route=\/wp\/v2\/posts"}],"about":[{"href":"https:\/\/bcch.com\/index.php?rest_route=\/wp\/v2\/types\/post"}],"author":[{"embeddable":true,"href":"https:\/\/bcch.com\/index.php?rest_route=\/wp\/v2\/users\/1"}],"replies":[{"embeddable":true,"href":"https:\/\/bcch.com\/index.php?rest_route=%2Fwp%2Fv2%2Fcomments&post=354"}],"version-history":[{"count":1,"href":"https:\/\/bcch.com\/index.php?rest_route=\/wp\/v2\/posts\/354\/revisions"}],"predecessor-version":[{"id":355,"href":"https:\/\/bcch.com\/index.php?rest_route=\/wp\/v2\/posts\/354\/revisions\/355"}],"wp:attachment":[{"href":"https:\/\/bcch.com\/index.php?rest_route=%2Fwp%2Fv2%2Fmedia&parent=354"}],"wp:term":[{"taxonomy":"category","embeddable":true,"href":"https:\/\/bcch.com\/index.php?rest_route=%2Fwp%2Fv2%2Fcategories&post=354"},{"taxonomy":"post_tag","embeddable":true,"href":"https:\/\/bcch.com\/index.php?rest_route=%2Fwp%2Fv2%2Ftags&post=354"}],"curies":[{"name":"wp","href":"https:\/\/api.w.org\/{rel}","templated":true}]}}