{"id":346,"date":"2020-01-28T11:23:31","date_gmt":"2020-01-28T10:23:31","guid":{"rendered":"http:\/\/teszt1.bcch.com\/?p=346"},"modified":"2020-01-28T11:23:33","modified_gmt":"2020-01-28T10:23:33","slug":"digital-talent-conference-dutcham-x-bcch","status":"publish","type":"post","link":"https:\/\/bcch.com\/?p=346","title":{"rendered":"Digital Talent Conference \/ Dutcham x BCCH"},"content":{"rendered":"\n<h2 class=\"wp-block-heading\"><\/h2>\n\n\n\n<p><strong>Date:<\/strong>&nbsp;April 16, 2019, 9:00-16:45&nbsp;<br><strong>Venue:&nbsp;<\/strong>Central European University &#8211; 1051 Budapest N\u00e1dor Utca 15.&nbsp;<\/p>\n\n\n\n<p>Digital Talent Conference<\/p>\n\n\n\n<p>Driving for Business Performance in a Digitalized World<\/p>\n\n\n\n<p>16 April 2019<\/p>\n\n\n\n<figure class=\"wp-block-image\"><img decoding=\"async\" src=\"https:\/\/www.bcch.com\/images\/Digital.Conf.16.04.2019-3.png\" alt=\"\"\/><\/figure>\n\n\n\n<p><strong>Dutcham<\/strong>jointly with the&nbsp;<strong>Swisscham Hungary,<\/strong>&nbsp;in co-operation with the&nbsp;<strong>British Chamber of Commerce in Hungary<\/strong>, the&nbsp;<strong>Danish Business Club<\/strong>&nbsp;and the&nbsp;<strong>Swedish Chamber of Commerce<\/strong>&nbsp;<strong>in Hungary&nbsp;<\/strong>invite you to their business event.<\/p>\n\n\n\n<p>We invite decisionmakers to join this exclusive conference where we share trends and best practices regarding the integration and development of digital talent at corporations, via new ways of working, like design thinking and agile methods.<\/p>\n\n\n\n<h1 class=\"wp-block-heading\">Program<\/h1>\n\n\n\n<figure class=\"wp-block-table\"><table class=\"\"><tbody><tr><td><strong>08:30-09:00<\/strong><\/td><td><strong>Arrival, registration<\/strong><\/td><\/tr><tr><td><strong>09:00-09:10<\/strong><\/td><td><strong>Welcome<\/strong><\/td><\/tr><tr><td><strong>09:10-09:30<\/strong><\/td><td>Keynote:<strong>&nbsp;What is Digital Talent?<br><\/strong><em>R\u00f3bert Mant\u00f3, Advisory team leader &#8211; KPMG<br><\/em>What is digital talent? New generations and start-ups vs corps.<br>Tech development, ecosystem. What value does it bring to the company? Integration problems and whys.<\/td><\/tr><\/tbody><\/table><\/figure>\n\n\n\n<p><strong>Section 1: Digital Talent<\/strong><\/p>\n\n\n\n<figure class=\"wp-block-table\"><table class=\"\"><tbody><tr><td><strong>09:30-09:45<\/strong><\/td><td>Presentation:<strong>&nbsp;Why digital talent is important for corps?<br><\/strong><em>Judit Endrei-Kiss, HR Director &#8211;&nbsp;Telenor<\/em><br>Why do corporations need Digital Talent and what value does it bring to the company?<br>Are corporations prepared to integrate, motivate and develop the new generation?<\/td><\/tr><tr><td>&nbsp;<\/td><td>&nbsp;<\/td><\/tr><tr><td><strong>9:45-10:00<\/strong><\/td><td>Presentation:&nbsp;<strong>Finding digital talent and their requirements<br><\/strong><em>L\u00e1szl\u00f3 Adri\u00e1n Spiller, Executive IT Recruitment Consultant and Team Lead&nbsp;&#8211; Adecco Hungary<\/em><\/td><\/tr><tr><td>&nbsp;<\/td><td>&nbsp;<\/td><\/tr><tr><td><strong>10:00-10:15<\/strong><\/td><td>Presentation:&nbsp;<strong>Startup thinking<br><\/strong><em>Istv\u00e1n L\u00e1m, CEO &#8211; Tresorit<br><\/em>How does it work? How do they define talent?<br>What&nbsp;obstacles and challenges do they see when co-operating with corporations?<\/td><\/tr><tr><td>&nbsp;<\/td><td>&nbsp;<\/td><\/tr><tr><td><strong>10:15-10:45<\/strong><\/td><td>Panel discussion:&nbsp;<strong><br>Moderator:&nbsp;dr. Istv\u00e1n Csel\u00e9nyi,&nbsp;<\/strong>Vice-President&nbsp;&#8211; Hungarian-Swedish Chamber of Commerce, CEO &#8211; Telia Carrier<br><strong>Panelists:<br><\/strong>M\u00e1t\u00e9 Fazekas, Head of Corporate Affairs &#8211; BT Global Services in Hungary<br>Judit Endrei-Kiss, Chief HR Officer &#8211;&nbsp;Telenor<br>Istv\u00e1n L\u00e1m, CEO &#8211; Tresorit<br>Kriszti\u00e1n Zs\u00e9dely, Head of Sales &#8211; profession.hu<br>Adri\u00e1n L\u00e1szl\u00f3 Spiller, Executive IT Recruitment Consultant and Team Lead &#8211; Adecco Hungary<br>Szonja Balogh, Business Digital Transformation Strategist<br><\/td><\/tr><tr><td>&nbsp;<\/td><td>&nbsp;<\/td><\/tr><\/tbody><\/table><\/figure>\n\n\n\n<p>&nbsp; &nbsp; &nbsp; &nbsp; &nbsp; &nbsp; &nbsp; &nbsp; &nbsp; &nbsp; &nbsp; &nbsp; &nbsp; &nbsp; &nbsp; &nbsp; &nbsp; &nbsp; &nbsp; &nbsp; &nbsp; &nbsp; &nbsp;<br><strong>10:45-11:15&nbsp; Coffee break<br><br><\/strong><strong>11:15-12:00&nbsp;&nbsp;KPMG Workshop<br><\/strong><em>D\u00e1niel B\u00e1lint, Telecommunications, media and technology manager &#8211; KPMG<\/em><\/p>\n\n\n\n<p><strong>12:00-13:00&nbsp; Lunch<\/strong><\/p>\n\n\n\n<p><strong>Section 2: Future Talent, next generation<\/strong><\/p>\n\n\n\n<figure class=\"wp-block-table\"><table class=\"\"><tbody><tr><td><strong>13:00-13:15<\/strong><\/td><td>Presentation:<strong>&nbsp;<\/strong><strong>Tangible Business Advantages<\/strong><em>Melanie Seymour, Managing Director &#8211; BlackRock Hungary<\/em><\/td><\/tr><tr><td>&nbsp;<\/td><td>&nbsp;<\/td><\/tr><tr><td><strong>13:15-13:30<\/strong><\/td><td>Presentation:<strong>&nbsp;What is the goal of learning in an unpredictable and changeable&nbsp;labor market?<\/strong><em>\u00c1d\u00e1m&nbsp;<\/em><em>Babocsay, Head of Marketing and Strategy &#8211; Budapest School<\/em><\/td><\/tr><tr><td>&nbsp;<\/td><td>&nbsp;<\/td><\/tr><tr><td><strong>13:30-13:45<\/strong><\/td><td>Presentation:&nbsp;<strong>How to make a motivating environment for the Y and the X generation<\/strong><em>Norbert T\u00f3th-Borb\u00e9ly, Sales and Recruitment Manager &#8211; Codecool<\/em><\/td><\/tr><tr><td>&nbsp;<\/td><td>&nbsp;<\/td><\/tr><tr><td><strong>13:45-14:00<\/strong><\/td><td>Presentation:<em>Dr. Be\u00e1ta Nagy, Directors board member &#8211; N\u0151k a Tudom\u00e1nyban Egyes\u00fclet<\/em><\/td><\/tr><tr><td>&nbsp;<\/td><td>&nbsp;<\/td><\/tr><tr><td><strong>14:00:14:15<\/strong><\/td><td>Presentation:&nbsp;<strong>Women in Science<\/strong><br><em>Dr.&nbsp;Andrea Kozma, Director &#8211; InnovationsLab, CEU<\/em><\/td><\/tr><tr><td>&nbsp;<\/td><td>&nbsp;&nbsp;<\/td><\/tr><tr><td><strong>14:15-14:45<\/strong><\/td><td><strong>Roundtable discussion<\/strong><br><strong>Moderator:<\/strong>&nbsp;Gergely Csanda, Head of Marketing &#8211; K\u00fcrt Academy<br><strong>Panelists:<\/strong><br>\u00c1d\u00e1m Babocsay, Head of Marketing &amp; Strategy &#8211; Budapest School<br>Norbert T\u00f3th Borb\u00e9ly, Sales&nbsp;&amp;&nbsp;Recruitment Manager &#8211; Codecool<br>Dr. Be\u00e1ta Nagy, Directors Board Member &#8211; N\u0151k a Tudom\u00e1nyban Egyes\u00fclet<br>Dr. Andrea Kozma, Director &#8211; InnovationsLab, CEU<br>P\u00e9ter Guzsaly, Partner Liasions Director &#8211; Skool.org<\/td><\/tr><\/tbody><\/table><\/figure>\n\n\n\n<p><strong><br>14:45-15:00&nbsp; Coffee Break<\/strong><\/p>\n\n\n\n<p><strong>Section 3: How to develop your customer experience by Design thinking and Agile methods<\/strong><\/p>\n\n\n\n<figure class=\"wp-block-table\"><table class=\"\"><tbody><tr><td><strong>15:00-15:15<\/strong><\/td><td>Presentation:&nbsp;<strong>Service design as a struggle in corporations in&nbsp;transformation<\/strong><em>\u00c1goston L\u00e1szl\u00f3, Co-founder &#8211; Meet<br><\/em>Showing through concrete examples how service design mindset, methodology and toolset can aid transformation for large companies and help them come to terms the hurdles of transformation.<\/td><\/tr><tr><td>&nbsp;<\/td><td>&nbsp;<\/td><\/tr><tr><td><strong>15:15-15:30<\/strong><\/td><td>Case study:&nbsp;<strong>&#8216;Scaled Agile&#8217;<br><\/strong><em>T\u00f3th Lajos, HR director &#8211; NN Hungary<\/em><br><\/td><\/tr><tr><td>&nbsp;<\/td><td>&nbsp;<\/td><\/tr><tr><td><strong>15:30-15:45<\/strong><\/td><td>Case study:&nbsp;<strong>Agile introduction at&nbsp;Vodafone &#8211; practical learnings<br><\/strong><em>Dorottya Radics, Agile Coach &#8211; Digital Development<br>Zsuzsanna T\u00f3th, HR Director Hungary &#8211; Vodafone<\/em><em><br><\/em><\/td><\/tr><tr><td>&nbsp;<\/td><td>&nbsp;<\/td><\/tr><tr><td><strong>15:45-16:00<\/strong><\/td><td><em>Presentation:<strong>&nbsp;What came first &#8211; Digital transformation or agile transformation?<br><\/strong><\/em><em>P\u00e9ter Vityi, Managing Director &#8211; K\u00fcrt Academy&nbsp;<br>Disruptive technology, global competition and changing consumer demand put corporations under considerable pressure. Leaders and experts are searching for methods on how to make companies more flexible and collaborative to stand the test of changing demands. Agile transformation is often viewed as the solution they found, but many can&#8217;t execute agile transformation.&nbsp;&nbsp;<\/em><\/td><\/tr><\/tbody><\/table><\/figure>\n\n\n\n<p><strong><br>16:00-16:30&nbsp; &nbsp;Coffee break<br><\/strong><strong>16:50-17:00&nbsp; &nbsp;Closing Panel discussion<br><\/strong><\/p>\n\n\n\n<p>Moderator:\u00c1gnes Galambos, Managing Director &#8211; Human Digital Group<br>Panelists:<br>P\u00e9ter Vityi, Managing Director &#8211; K\u00fcrt Academy<br>L\u00e1szl\u00f3 \u00c1goston, Co-Founder &#8211; Meet<br>Lajos T\u00f3th, HR Director &#8211; NN Hungary<\/p>\n\n\n\n<p><strong>The language of the presentations will be Hungarian and no translation will be provided.&nbsp;<\/strong><\/p>\n\n\n\n<p><strong>Participation fees<\/strong><\/p>\n\n\n\n<p>Members single ticket&nbsp; &nbsp; &nbsp; &nbsp; &nbsp; &nbsp; &nbsp; &nbsp; &nbsp; &nbsp; &nbsp; &nbsp; &nbsp; &nbsp; &nbsp; &nbsp; &nbsp; &nbsp; &nbsp; &nbsp; &nbsp; &nbsp; &nbsp; HUF 22,000 + VAT<br>Members company ticket for 3 pax&nbsp; &nbsp; &nbsp; &nbsp; &nbsp; &nbsp; &nbsp; &nbsp; &nbsp; &nbsp; &nbsp; &nbsp; &nbsp; HUF 59,000 + VAT<\/p>\n\n\n\n<p>Non-member regular&nbsp; &nbsp; &nbsp; &nbsp; &nbsp; &nbsp; &nbsp; &nbsp; &nbsp; &nbsp; &nbsp; &nbsp; &nbsp; &nbsp; &nbsp; &nbsp; &nbsp; &nbsp; &nbsp; &nbsp; &nbsp; &nbsp; &nbsp; &nbsp; HUF 39,000 + VAT<br>Non-members&nbsp;company ticket for 3 pax&nbsp; &nbsp; &nbsp; &nbsp; &nbsp; &nbsp; &nbsp; &nbsp; &nbsp;HUF 100,000 + VAT<\/p>\n\n\n\n<h4 class=\"wp-block-heading\"><a href=\"https:\/\/www.bcch.com\/events-calendar\/register-for-events-now\">You can register for the event HERE<\/a><\/h4>\n\n\n\n<figure class=\"wp-block-image\"><img decoding=\"async\" src=\"https:\/\/www.bcch.com\/images\/spons.png\" alt=\"\"\/><\/figure>\n","protected":false},"excerpt":{"rendered":"<p>Date:&nbsp;April 16, 2019, 9:00-16:45&nbsp;Venue:&nbsp;Central European University &#8211; 1051 Budapest N\u00e1dor Utca 15.&nbsp; Digital Talent Conference Driving for Business Performance in a Digitalized World 16 April 2019 Dutchamjointly with the&nbsp;Swisscham Hungary,&nbsp;in co-operation with the&nbsp;British Chamber of Commerce in Hungary, the&nbsp;Danish Business Club&nbsp;and the&nbsp;Swedish Chamber of Commerce&nbsp;in Hungary&nbsp;invite you to their business event. We invite decisionmakers to [&hellip;]<\/p>\n","protected":false},"author":1,"featured_media":0,"comment_status":"closed","ping_status":"open","sticky":false,"template":"","format":"standard","meta":{"_et_pb_use_builder":"off","_et_pb_old_content":"","_et_gb_content_width":"1080","footnotes":""},"categories":[4],"tags":[],"class_list":["post-346","post","type-post","status-publish","format-standard","hentry","category-events"],"yoast_head":"<!-- This site is optimized with the Yoast SEO plugin v24.7 - https:\/\/yoast.com\/wordpress\/plugins\/seo\/ -->\n<title>Digital Talent Conference \/ Dutcham x BCCH - BCCH<\/title>\n<meta name=\"robots\" content=\"index, follow, max-snippet:-1, max-image-preview:large, max-video-preview:-1\" \/>\n<link rel=\"canonical\" href=\"https:\/\/bcch.com\/?p=346\" \/>\n<meta property=\"og:locale\" content=\"en_GB\" \/>\n<meta property=\"og:type\" content=\"article\" \/>\n<meta property=\"og:title\" content=\"Digital Talent Conference \/ Dutcham x BCCH - BCCH\" \/>\n<meta property=\"og:description\" content=\"Date:&nbsp;April 16, 2019, 9:00-16:45&nbsp;Venue:&nbsp;Central European University &#8211; 1051 Budapest N\u00e1dor Utca 15.&nbsp; Digital Talent Conference Driving for Business Performance in a Digitalized World 16 April 2019 Dutchamjointly with the&nbsp;Swisscham Hungary,&nbsp;in co-operation with the&nbsp;British Chamber of Commerce in Hungary, the&nbsp;Danish Business Club&nbsp;and the&nbsp;Swedish Chamber of Commerce&nbsp;in Hungary&nbsp;invite you to their business event. We invite decisionmakers to [&hellip;]\" \/>\n<meta property=\"og:url\" content=\"https:\/\/bcch.com\/?p=346\" \/>\n<meta property=\"og:site_name\" content=\"BCCH\" \/>\n<meta property=\"article:published_time\" content=\"2020-01-28T10:23:31+00:00\" \/>\n<meta property=\"article:modified_time\" content=\"2020-01-28T10:23:33+00:00\" \/>\n<meta property=\"og:image\" content=\"https:\/\/www.bcch.com\/images\/Digital.Conf.16.04.2019-3.png\" \/>\n<meta name=\"author\" content=\"BCCH\" \/>\n<meta name=\"twitter:card\" content=\"summary_large_image\" \/>\n<meta name=\"twitter:label1\" content=\"Written by\" \/>\n\t<meta name=\"twitter:data1\" content=\"BCCH\" \/>\n\t<meta name=\"twitter:label2\" content=\"Estimated reading time\" \/>\n\t<meta name=\"twitter:data2\" content=\"4 minutes\" \/>\n<script type=\"application\/ld+json\" class=\"yoast-schema-graph\">{\"@context\":\"https:\/\/schema.org\",\"@graph\":[{\"@type\":\"WebPage\",\"@id\":\"https:\/\/bcch.com\/?p=346\",\"url\":\"https:\/\/bcch.com\/?p=346\",\"name\":\"Digital Talent Conference \/ Dutcham x BCCH - BCCH\",\"isPartOf\":{\"@id\":\"https:\/\/bcch.com\/#website\"},\"primaryImageOfPage\":{\"@id\":\"https:\/\/bcch.com\/?p=346#primaryimage\"},\"image\":{\"@id\":\"https:\/\/bcch.com\/?p=346#primaryimage\"},\"thumbnailUrl\":\"https:\/\/www.bcch.com\/images\/Digital.Conf.16.04.2019-3.png\",\"datePublished\":\"2020-01-28T10:23:31+00:00\",\"dateModified\":\"2020-01-28T10:23:33+00:00\",\"author\":{\"@id\":\"https:\/\/bcch.com\/#\/schema\/person\/765ca0c821af61bb6c36c872cd678fb1\"},\"breadcrumb\":{\"@id\":\"https:\/\/bcch.com\/?p=346#breadcrumb\"},\"inLanguage\":\"en-GB\",\"potentialAction\":[{\"@type\":\"ReadAction\",\"target\":[\"https:\/\/bcch.com\/?p=346\"]}]},{\"@type\":\"ImageObject\",\"inLanguage\":\"en-GB\",\"@id\":\"https:\/\/bcch.com\/?p=346#primaryimage\",\"url\":\"https:\/\/www.bcch.com\/images\/Digital.Conf.16.04.2019-3.png\",\"contentUrl\":\"https:\/\/www.bcch.com\/images\/Digital.Conf.16.04.2019-3.png\"},{\"@type\":\"BreadcrumbList\",\"@id\":\"https:\/\/bcch.com\/?p=346#breadcrumb\",\"itemListElement\":[{\"@type\":\"ListItem\",\"position\":1,\"name\":\"Home\",\"item\":\"https:\/\/bcch.com\/\"},{\"@type\":\"ListItem\",\"position\":2,\"name\":\"Digital Talent Conference \/ Dutcham x BCCH\"}]},{\"@type\":\"WebSite\",\"@id\":\"https:\/\/bcch.com\/#website\",\"url\":\"https:\/\/bcch.com\/\",\"name\":\"BCCH\",\"description\":\"British Chamber of Commerce in Hungary\",\"potentialAction\":[{\"@type\":\"SearchAction\",\"target\":{\"@type\":\"EntryPoint\",\"urlTemplate\":\"https:\/\/bcch.com\/?s={search_term_string}\"},\"query-input\":{\"@type\":\"PropertyValueSpecification\",\"valueRequired\":true,\"valueName\":\"search_term_string\"}}],\"inLanguage\":\"en-GB\"},{\"@type\":\"Person\",\"@id\":\"https:\/\/bcch.com\/#\/schema\/person\/765ca0c821af61bb6c36c872cd678fb1\",\"name\":\"BCCH\",\"image\":{\"@type\":\"ImageObject\",\"inLanguage\":\"en-GB\",\"@id\":\"https:\/\/bcch.com\/#\/schema\/person\/image\/\",\"url\":\"https:\/\/secure.gravatar.com\/avatar\/9c170d8ffd69a4ec807bfceefdf5e282?s=96&d=blank&r=g\",\"contentUrl\":\"https:\/\/secure.gravatar.com\/avatar\/9c170d8ffd69a4ec807bfceefdf5e282?s=96&d=blank&r=g\",\"caption\":\"BCCH\"},\"url\":\"https:\/\/bcch.com\/?author=1\"}]}<\/script>\n<!-- \/ Yoast SEO plugin. -->","yoast_head_json":{"title":"Digital Talent Conference \/ Dutcham x BCCH - BCCH","robots":{"index":"index","follow":"follow","max-snippet":"max-snippet:-1","max-image-preview":"max-image-preview:large","max-video-preview":"max-video-preview:-1"},"canonical":"https:\/\/bcch.com\/?p=346","og_locale":"en_GB","og_type":"article","og_title":"Digital Talent Conference \/ Dutcham x BCCH - BCCH","og_description":"Date:&nbsp;April 16, 2019, 9:00-16:45&nbsp;Venue:&nbsp;Central European University &#8211; 1051 Budapest N\u00e1dor Utca 15.&nbsp; Digital Talent Conference Driving for Business Performance in a Digitalized World 16 April 2019 Dutchamjointly with the&nbsp;Swisscham Hungary,&nbsp;in co-operation with the&nbsp;British Chamber of Commerce in Hungary, the&nbsp;Danish Business Club&nbsp;and the&nbsp;Swedish Chamber of Commerce&nbsp;in Hungary&nbsp;invite you to their business event. We invite decisionmakers to [&hellip;]","og_url":"https:\/\/bcch.com\/?p=346","og_site_name":"BCCH","article_published_time":"2020-01-28T10:23:31+00:00","article_modified_time":"2020-01-28T10:23:33+00:00","og_image":[{"url":"https:\/\/www.bcch.com\/images\/Digital.Conf.16.04.2019-3.png","type":"","width":"","height":""}],"author":"BCCH","twitter_card":"summary_large_image","twitter_misc":{"Written by":"BCCH","Estimated reading time":"4 minutes"},"schema":{"@context":"https:\/\/schema.org","@graph":[{"@type":"WebPage","@id":"https:\/\/bcch.com\/?p=346","url":"https:\/\/bcch.com\/?p=346","name":"Digital Talent Conference \/ Dutcham x BCCH - BCCH","isPartOf":{"@id":"https:\/\/bcch.com\/#website"},"primaryImageOfPage":{"@id":"https:\/\/bcch.com\/?p=346#primaryimage"},"image":{"@id":"https:\/\/bcch.com\/?p=346#primaryimage"},"thumbnailUrl":"https:\/\/www.bcch.com\/images\/Digital.Conf.16.04.2019-3.png","datePublished":"2020-01-28T10:23:31+00:00","dateModified":"2020-01-28T10:23:33+00:00","author":{"@id":"https:\/\/bcch.com\/#\/schema\/person\/765ca0c821af61bb6c36c872cd678fb1"},"breadcrumb":{"@id":"https:\/\/bcch.com\/?p=346#breadcrumb"},"inLanguage":"en-GB","potentialAction":[{"@type":"ReadAction","target":["https:\/\/bcch.com\/?p=346"]}]},{"@type":"ImageObject","inLanguage":"en-GB","@id":"https:\/\/bcch.com\/?p=346#primaryimage","url":"https:\/\/www.bcch.com\/images\/Digital.Conf.16.04.2019-3.png","contentUrl":"https:\/\/www.bcch.com\/images\/Digital.Conf.16.04.2019-3.png"},{"@type":"BreadcrumbList","@id":"https:\/\/bcch.com\/?p=346#breadcrumb","itemListElement":[{"@type":"ListItem","position":1,"name":"Home","item":"https:\/\/bcch.com\/"},{"@type":"ListItem","position":2,"name":"Digital Talent Conference \/ Dutcham x BCCH"}]},{"@type":"WebSite","@id":"https:\/\/bcch.com\/#website","url":"https:\/\/bcch.com\/","name":"BCCH","description":"British Chamber of Commerce in Hungary","potentialAction":[{"@type":"SearchAction","target":{"@type":"EntryPoint","urlTemplate":"https:\/\/bcch.com\/?s={search_term_string}"},"query-input":{"@type":"PropertyValueSpecification","valueRequired":true,"valueName":"search_term_string"}}],"inLanguage":"en-GB"},{"@type":"Person","@id":"https:\/\/bcch.com\/#\/schema\/person\/765ca0c821af61bb6c36c872cd678fb1","name":"BCCH","image":{"@type":"ImageObject","inLanguage":"en-GB","@id":"https:\/\/bcch.com\/#\/schema\/person\/image\/","url":"https:\/\/secure.gravatar.com\/avatar\/9c170d8ffd69a4ec807bfceefdf5e282?s=96&d=blank&r=g","contentUrl":"https:\/\/secure.gravatar.com\/avatar\/9c170d8ffd69a4ec807bfceefdf5e282?s=96&d=blank&r=g","caption":"BCCH"},"url":"https:\/\/bcch.com\/?author=1"}]}},"_links":{"self":[{"href":"https:\/\/bcch.com\/index.php?rest_route=\/wp\/v2\/posts\/346","targetHints":{"allow":["GET"]}}],"collection":[{"href":"https:\/\/bcch.com\/index.php?rest_route=\/wp\/v2\/posts"}],"about":[{"href":"https:\/\/bcch.com\/index.php?rest_route=\/wp\/v2\/types\/post"}],"author":[{"embeddable":true,"href":"https:\/\/bcch.com\/index.php?rest_route=\/wp\/v2\/users\/1"}],"replies":[{"embeddable":true,"href":"https:\/\/bcch.com\/index.php?rest_route=%2Fwp%2Fv2%2Fcomments&post=346"}],"version-history":[{"count":1,"href":"https:\/\/bcch.com\/index.php?rest_route=\/wp\/v2\/posts\/346\/revisions"}],"predecessor-version":[{"id":347,"href":"https:\/\/bcch.com\/index.php?rest_route=\/wp\/v2\/posts\/346\/revisions\/347"}],"wp:attachment":[{"href":"https:\/\/bcch.com\/index.php?rest_route=%2Fwp%2Fv2%2Fmedia&parent=346"}],"wp:term":[{"taxonomy":"category","embeddable":true,"href":"https:\/\/bcch.com\/index.php?rest_route=%2Fwp%2Fv2%2Fcategories&post=346"},{"taxonomy":"post_tag","embeddable":true,"href":"https:\/\/bcch.com\/index.php?rest_route=%2Fwp%2Fv2%2Ftags&post=346"}],"curies":[{"name":"wp","href":"https:\/\/api.w.org\/{rel}","templated":true}]}}