{"id":321,"date":"2020-01-28T11:03:58","date_gmt":"2020-01-28T10:03:58","guid":{"rendered":"http:\/\/teszt1.bcch.com\/?p=321"},"modified":"2020-01-28T11:03:59","modified_gmt":"2020-01-28T10:03:59","slug":"business-women-lunch-with-dr-zsuzsanna-dioszegi","status":"publish","type":"post","link":"https:\/\/bcch.com\/?p=321","title":{"rendered":"Business Women Lunch with Dr. Zsuzsanna Di\u00f3szegi"},"content":{"rendered":"\n<p><\/p>\n\n\n\n<h2 class=\"wp-block-heading\"><\/h2>\n\n\n\n<p><strong>Id\u0151pont:<\/strong>&nbsp;2018. november 28., 12:00-14:30 (regisztr\u00e1ci\u00f3 11:30-t\u00f3l)<\/p>\n\n\n\n<p><strong>Helysz\u00edn:<\/strong>&nbsp;Sofitel Budapest Chain Bridge &#8211; Belle Vue terem (1051 Budapest, Sz\u00e9chenyi Istv\u00e1n t\u00e9r 2.)<\/p>\n\n\n\n<p><strong>Please note that the event is in Hungarian and no translation will be provided!<\/strong><\/p>\n\n\n\n<figure class=\"wp-block-table\"><table class=\"\"><tbody><tr><td>&nbsp;A&nbsp;<strong>Magyar-Francia Kereskedelmi \u00e9s Iparkamara<\/strong><br>\u00e9s egy\u00fcttm\u0171k\u00f6d\u0151 partnerei<br>a Joint Venture Sz\u00f6vets\u00e9g, a Magyarorsz\u00e1gi Brit Kereskedelmi Kamara,<br>Holland-Magyar Kereskedelmi Kamara, a Magyarorsz\u00e1gi N\u00e9met-Magyar<br>Ipari \u00e9s Kereskedelmi Kamara \u00e9s a Sv\u00e1jci-Magyar Kereskedelmi Kamara<br>tisztelettel megh\u00edvj\u00e1k \u00d6nt a<\/td><\/tr><tr><td><strong>Business Women Lunch<br>&#8220;VEZET\u0150K T\u0170SARK\u00daBAN&#8221;<\/strong><br>c\u00edm\u0171 rendezv\u00e9nysorozat k\u00f6vetkez\u0151 esem\u00e9ny\u00e9re,&nbsp;<br>melynek vend\u00e9ge<br><br><strong>Dr. Di\u00f3szegi Zsuzsanna<\/strong>&nbsp;&nbsp;Id\u0151pont:<br><strong>2018. november 28. (szerda), 12:00-14:30<br><\/strong>(regisztr\u00e1ci\u00f3 11:30-t\u00f3l)<br><br>Helysz\u00edn:<br><strong>Sofitel Budapest Chain Bridge &#8211; Belle Vue terem<\/strong><br>(1051 Budapest, Sz\u00e9chenyi Istv\u00e1n t\u00e9r 2.)&nbsp;&nbsp;<strong>R\u00e9szv\u00e9teli d\u00edj:<\/strong><br>MFKI \u00e9s BCCH tagoknak:&nbsp;<strong>13&nbsp;500<\/strong>&nbsp;HUF + \u00c1fa \/ f\u0151<br>Nem tagoknak:&nbsp;<strong>20&nbsp;000<\/strong>&nbsp;HUF + \u00c1fa \/ f\u0151&nbsp;K\u00e9rj\u00fck, r\u00e9szv\u00e9teli sz\u00e1nd\u00e9k\u00e1t<strong>&nbsp;2018. november 23-ig<\/strong><br>jelezze az al\u00e1bbi e-mail c\u00edmen:<br><a href=\"mailto:info@ccifrance-hongrie.org\">info@ccifrance-hongrie.org<br><\/a>Az el\u0151zetes jelentkez\u00e9sek lemond\u00e1s\u00e1t legk\u00e9s\u0151bb<br><strong>2018. november 23-ig&nbsp;<\/strong>tudjuk elfogadni.<br>A hat\u00e1rid\u0151n t\u00fali lemond\u00e1s fizet\u00e9si k\u00f6telezetts\u00e9get von maga ut\u00e1n.<br><br>A parkol\u00e1s egy\u00e9nileg t\u00f6rt\u00e9nik.<br>(Fizet\u0151 parkol\u00f3 a k\u00f6rnyez\u0151 utc\u00e1kban tal\u00e1lhat\u00f3.)<br><br>A rendezv\u00e9ny nyelve&nbsp;<strong>magyar<\/strong>, tolm\u00e1csol\u00e1st&nbsp;nem&nbsp;biztos\u00edtunk.<br>A rendezv\u00e9ny nem sajt\u00f3 nyilv\u00e1nos.<br><br><br>\u00dcdv\u00f6zlettel,<br>Az MFKI csapata<\/td><\/tr><\/tbody><\/table><\/figure>\n","protected":false},"excerpt":{"rendered":"<p>Id\u0151pont:&nbsp;2018. november 28., 12:00-14:30 (regisztr\u00e1ci\u00f3 11:30-t\u00f3l) Helysz\u00edn:&nbsp;Sofitel Budapest Chain Bridge &#8211; Belle Vue terem (1051 Budapest, Sz\u00e9chenyi Istv\u00e1n t\u00e9r 2.) Please note that the event is in Hungarian and no translation will be provided! &nbsp;A&nbsp;Magyar-Francia Kereskedelmi \u00e9s Iparkamara\u00e9s egy\u00fcttm\u0171k\u00f6d\u0151 partnereia Joint Venture Sz\u00f6vets\u00e9g, a Magyarorsz\u00e1gi Brit Kereskedelmi Kamara,Holland-Magyar Kereskedelmi Kamara, a Magyarorsz\u00e1gi N\u00e9met-MagyarIpari \u00e9s Kereskedelmi [&hellip;]<\/p>\n","protected":false},"author":1,"featured_media":0,"comment_status":"closed","ping_status":"open","sticky":false,"template":"","format":"standard","meta":{"_et_pb_use_builder":"off","_et_pb_old_content":"","_et_gb_content_width":"1080","footnotes":""},"categories":[4],"tags":[],"class_list":["post-321","post","type-post","status-publish","format-standard","hentry","category-events"],"yoast_head":"<!-- This site is optimized with the Yoast SEO plugin v24.7 - https:\/\/yoast.com\/wordpress\/plugins\/seo\/ -->\n<title>Business Women Lunch with Dr. Zsuzsanna Di\u00f3szegi - BCCH<\/title>\n<meta name=\"robots\" content=\"index, follow, max-snippet:-1, max-image-preview:large, max-video-preview:-1\" \/>\n<link rel=\"canonical\" href=\"https:\/\/bcch.com\/?p=321\" \/>\n<meta property=\"og:locale\" content=\"en_GB\" \/>\n<meta property=\"og:type\" content=\"article\" \/>\n<meta property=\"og:title\" content=\"Business Women Lunch with Dr. Zsuzsanna Di\u00f3szegi - BCCH\" \/>\n<meta property=\"og:description\" content=\"Id\u0151pont:&nbsp;2018. november 28., 12:00-14:30 (regisztr\u00e1ci\u00f3 11:30-t\u00f3l) Helysz\u00edn:&nbsp;Sofitel Budapest Chain Bridge &#8211; Belle Vue terem (1051 Budapest, Sz\u00e9chenyi Istv\u00e1n t\u00e9r 2.) Please note that the event is in Hungarian and no translation will be provided! &nbsp;A&nbsp;Magyar-Francia Kereskedelmi \u00e9s Iparkamara\u00e9s egy\u00fcttm\u0171k\u00f6d\u0151 partnereia Joint Venture Sz\u00f6vets\u00e9g, a Magyarorsz\u00e1gi Brit Kereskedelmi Kamara,Holland-Magyar Kereskedelmi Kamara, a Magyarorsz\u00e1gi N\u00e9met-MagyarIpari \u00e9s Kereskedelmi [&hellip;]\" \/>\n<meta property=\"og:url\" content=\"https:\/\/bcch.com\/?p=321\" \/>\n<meta property=\"og:site_name\" content=\"BCCH\" \/>\n<meta property=\"article:published_time\" content=\"2020-01-28T10:03:58+00:00\" \/>\n<meta property=\"article:modified_time\" content=\"2020-01-28T10:03:59+00:00\" \/>\n<meta name=\"author\" content=\"BCCH\" \/>\n<meta name=\"twitter:card\" content=\"summary_large_image\" \/>\n<meta name=\"twitter:label1\" content=\"Written by\" \/>\n\t<meta name=\"twitter:data1\" content=\"BCCH\" \/>\n\t<meta name=\"twitter:label2\" content=\"Estimated reading time\" \/>\n\t<meta name=\"twitter:data2\" content=\"1 minute\" \/>\n<script type=\"application\/ld+json\" class=\"yoast-schema-graph\">{\"@context\":\"https:\/\/schema.org\",\"@graph\":[{\"@type\":\"WebPage\",\"@id\":\"https:\/\/bcch.com\/?p=321\",\"url\":\"https:\/\/bcch.com\/?p=321\",\"name\":\"Business Women Lunch with Dr. Zsuzsanna Di\u00f3szegi - BCCH\",\"isPartOf\":{\"@id\":\"https:\/\/bcch.com\/#website\"},\"datePublished\":\"2020-01-28T10:03:58+00:00\",\"dateModified\":\"2020-01-28T10:03:59+00:00\",\"author\":{\"@id\":\"https:\/\/bcch.com\/#\/schema\/person\/765ca0c821af61bb6c36c872cd678fb1\"},\"breadcrumb\":{\"@id\":\"https:\/\/bcch.com\/?p=321#breadcrumb\"},\"inLanguage\":\"en-GB\",\"potentialAction\":[{\"@type\":\"ReadAction\",\"target\":[\"https:\/\/bcch.com\/?p=321\"]}]},{\"@type\":\"BreadcrumbList\",\"@id\":\"https:\/\/bcch.com\/?p=321#breadcrumb\",\"itemListElement\":[{\"@type\":\"ListItem\",\"position\":1,\"name\":\"Home\",\"item\":\"https:\/\/bcch.com\/\"},{\"@type\":\"ListItem\",\"position\":2,\"name\":\"Business Women Lunch with Dr. Zsuzsanna Di\u00f3szegi\"}]},{\"@type\":\"WebSite\",\"@id\":\"https:\/\/bcch.com\/#website\",\"url\":\"https:\/\/bcch.com\/\",\"name\":\"BCCH\",\"description\":\"British Chamber of Commerce in Hungary\",\"potentialAction\":[{\"@type\":\"SearchAction\",\"target\":{\"@type\":\"EntryPoint\",\"urlTemplate\":\"https:\/\/bcch.com\/?s={search_term_string}\"},\"query-input\":{\"@type\":\"PropertyValueSpecification\",\"valueRequired\":true,\"valueName\":\"search_term_string\"}}],\"inLanguage\":\"en-GB\"},{\"@type\":\"Person\",\"@id\":\"https:\/\/bcch.com\/#\/schema\/person\/765ca0c821af61bb6c36c872cd678fb1\",\"name\":\"BCCH\",\"image\":{\"@type\":\"ImageObject\",\"inLanguage\":\"en-GB\",\"@id\":\"https:\/\/bcch.com\/#\/schema\/person\/image\/\",\"url\":\"https:\/\/secure.gravatar.com\/avatar\/9c170d8ffd69a4ec807bfceefdf5e282?s=96&d=blank&r=g\",\"contentUrl\":\"https:\/\/secure.gravatar.com\/avatar\/9c170d8ffd69a4ec807bfceefdf5e282?s=96&d=blank&r=g\",\"caption\":\"BCCH\"},\"url\":\"https:\/\/bcch.com\/?author=1\"}]}<\/script>\n<!-- \/ Yoast SEO plugin. -->","yoast_head_json":{"title":"Business Women Lunch with Dr. Zsuzsanna Di\u00f3szegi - BCCH","robots":{"index":"index","follow":"follow","max-snippet":"max-snippet:-1","max-image-preview":"max-image-preview:large","max-video-preview":"max-video-preview:-1"},"canonical":"https:\/\/bcch.com\/?p=321","og_locale":"en_GB","og_type":"article","og_title":"Business Women Lunch with Dr. Zsuzsanna Di\u00f3szegi - BCCH","og_description":"Id\u0151pont:&nbsp;2018. november 28., 12:00-14:30 (regisztr\u00e1ci\u00f3 11:30-t\u00f3l) Helysz\u00edn:&nbsp;Sofitel Budapest Chain Bridge &#8211; Belle Vue terem (1051 Budapest, Sz\u00e9chenyi Istv\u00e1n t\u00e9r 2.) Please note that the event is in Hungarian and no translation will be provided! &nbsp;A&nbsp;Magyar-Francia Kereskedelmi \u00e9s Iparkamara\u00e9s egy\u00fcttm\u0171k\u00f6d\u0151 partnereia Joint Venture Sz\u00f6vets\u00e9g, a Magyarorsz\u00e1gi Brit Kereskedelmi Kamara,Holland-Magyar Kereskedelmi Kamara, a Magyarorsz\u00e1gi N\u00e9met-MagyarIpari \u00e9s Kereskedelmi [&hellip;]","og_url":"https:\/\/bcch.com\/?p=321","og_site_name":"BCCH","article_published_time":"2020-01-28T10:03:58+00:00","article_modified_time":"2020-01-28T10:03:59+00:00","author":"BCCH","twitter_card":"summary_large_image","twitter_misc":{"Written by":"BCCH","Estimated reading time":"1 minute"},"schema":{"@context":"https:\/\/schema.org","@graph":[{"@type":"WebPage","@id":"https:\/\/bcch.com\/?p=321","url":"https:\/\/bcch.com\/?p=321","name":"Business Women Lunch with Dr. Zsuzsanna Di\u00f3szegi - BCCH","isPartOf":{"@id":"https:\/\/bcch.com\/#website"},"datePublished":"2020-01-28T10:03:58+00:00","dateModified":"2020-01-28T10:03:59+00:00","author":{"@id":"https:\/\/bcch.com\/#\/schema\/person\/765ca0c821af61bb6c36c872cd678fb1"},"breadcrumb":{"@id":"https:\/\/bcch.com\/?p=321#breadcrumb"},"inLanguage":"en-GB","potentialAction":[{"@type":"ReadAction","target":["https:\/\/bcch.com\/?p=321"]}]},{"@type":"BreadcrumbList","@id":"https:\/\/bcch.com\/?p=321#breadcrumb","itemListElement":[{"@type":"ListItem","position":1,"name":"Home","item":"https:\/\/bcch.com\/"},{"@type":"ListItem","position":2,"name":"Business Women Lunch with Dr. Zsuzsanna Di\u00f3szegi"}]},{"@type":"WebSite","@id":"https:\/\/bcch.com\/#website","url":"https:\/\/bcch.com\/","name":"BCCH","description":"British Chamber of Commerce in Hungary","potentialAction":[{"@type":"SearchAction","target":{"@type":"EntryPoint","urlTemplate":"https:\/\/bcch.com\/?s={search_term_string}"},"query-input":{"@type":"PropertyValueSpecification","valueRequired":true,"valueName":"search_term_string"}}],"inLanguage":"en-GB"},{"@type":"Person","@id":"https:\/\/bcch.com\/#\/schema\/person\/765ca0c821af61bb6c36c872cd678fb1","name":"BCCH","image":{"@type":"ImageObject","inLanguage":"en-GB","@id":"https:\/\/bcch.com\/#\/schema\/person\/image\/","url":"https:\/\/secure.gravatar.com\/avatar\/9c170d8ffd69a4ec807bfceefdf5e282?s=96&d=blank&r=g","contentUrl":"https:\/\/secure.gravatar.com\/avatar\/9c170d8ffd69a4ec807bfceefdf5e282?s=96&d=blank&r=g","caption":"BCCH"},"url":"https:\/\/bcch.com\/?author=1"}]}},"_links":{"self":[{"href":"https:\/\/bcch.com\/index.php?rest_route=\/wp\/v2\/posts\/321","targetHints":{"allow":["GET"]}}],"collection":[{"href":"https:\/\/bcch.com\/index.php?rest_route=\/wp\/v2\/posts"}],"about":[{"href":"https:\/\/bcch.com\/index.php?rest_route=\/wp\/v2\/types\/post"}],"author":[{"embeddable":true,"href":"https:\/\/bcch.com\/index.php?rest_route=\/wp\/v2\/users\/1"}],"replies":[{"embeddable":true,"href":"https:\/\/bcch.com\/index.php?rest_route=%2Fwp%2Fv2%2Fcomments&post=321"}],"version-history":[{"count":1,"href":"https:\/\/bcch.com\/index.php?rest_route=\/wp\/v2\/posts\/321\/revisions"}],"predecessor-version":[{"id":322,"href":"https:\/\/bcch.com\/index.php?rest_route=\/wp\/v2\/posts\/321\/revisions\/322"}],"wp:attachment":[{"href":"https:\/\/bcch.com\/index.php?rest_route=%2Fwp%2Fv2%2Fmedia&parent=321"}],"wp:term":[{"taxonomy":"category","embeddable":true,"href":"https:\/\/bcch.com\/index.php?rest_route=%2Fwp%2Fv2%2Fcategories&post=321"},{"taxonomy":"post_tag","embeddable":true,"href":"https:\/\/bcch.com\/index.php?rest_route=%2Fwp%2Fv2%2Ftags&post=321"}],"curies":[{"name":"wp","href":"https:\/\/api.w.org\/{rel}","templated":true}]}}