{"id":301,"date":"2020-01-28T10:52:26","date_gmt":"2020-01-28T09:52:26","guid":{"rendered":"http:\/\/teszt1.bcch.com\/?p=301"},"modified":"2020-01-28T10:52:28","modified_gmt":"2020-01-28T09:52:28","slug":"tedxbudapest-2018-rational-irrational","status":"publish","type":"post","link":"https:\/\/bcch.com\/?p=301","title":{"rendered":"TEDxBudapest 2018 &#8211; Rational \/\/ Irrational"},"content":{"rendered":"\n<h2 class=\"wp-block-heading\"><\/h2>\n\n\n\n<p><strong>Date<\/strong>: Tuesday, June 12,&nbsp;2018&nbsp;16:30-20:00&nbsp;<br><strong>Venue<\/strong>: CEU, 1051 Budapest, N\u00e1dor street 15<\/p>\n\n\n\n<figure class=\"wp-block-image\"><img decoding=\"async\" src=\"https:\/\/www.bcch.com\/images\/TEDx.png\" alt=\"\"\/><\/figure>\n\n\n\n<p><strong>TEDxBudapest 2018 &#8211; Rational \/\/ Irrational<\/strong>&nbsp;<br><strong><em>Our beautiful illogical decisions<\/em><\/strong><\/p>\n\n\n\n<p><strong><em>Special Guest: Dan Ariely<\/em><\/strong><br><br><strong>Date<\/strong>: Tuesday, June 12, 2018 16:30-20:00<br><strong>Location<\/strong>: CEU, 1051 Budapest, N\u00e1dor street 15<\/p>\n\n\n\n<p>Website:&nbsp;<a href=\"http:\/\/tedxyouthatbudapest.com\/esemenyek\/tedxbudapest\">http:\/\/tedxyouthatbudapest.com\/esemenyek\/tedxbudapest<\/a><\/p>\n\n\n\n<p>Are you a rational thinker? Do you always and consistently make the best possible decision? Are you sure?<br><br>What do we consider irrational? Normally things that differ, that are out of line, erroneous or even insane. Being able to adapt to new situations, trust others, go the extra mile and love unconditionally \u2013 we can thank these irrational decisions for making us all happy in the end.<\/p>\n\n\n\n<p><br><strong>Come and join us in our research on the paradoxical beauty of our human nature at this year\u2019s TEDxBudapest on 12 June, 2018!<\/strong><br><br><strong>Presentations by:<\/strong><\/p>\n\n\n\n<p><strong>Nick Thorpe<\/strong>&nbsp;is a British writer and journalist, the BBC Central Europe Correspondent. In his talk he asks questions like: what compels people to leave their homes and set out on uncertain roads, in the hope of a better life?<\/p>\n\n\n\n<p><strong>Iain Lindsay<\/strong>&nbsp;has been the British Ambassador to Hungary since March 2016.&nbsp; His TEDx talk will focus on the role of diversity through his life and career, and how it may help to challenge and overcome individuals\u2019 irrational fears and assumptions, and ultimately enrich societies.<\/p>\n\n\n\n<p><strong>Anna R\u00e9z<\/strong>&nbsp;is a moral philosopher at E\u00f6tv\u00f6s Lor\u00e1nd University. In her TEDx talk she will focus on how much rationality is required from human beings to maintain the basic moral concepts as we know them.<\/p>\n\n\n\n<p><strong>Zolt\u00e1n Baracskai<\/strong>&nbsp;thinks, writes and teaches about decision makers\u2019 mindset. He is experiencing the struggle of the analytical and intuitive mind firsthand. They may stay like this: neither will eradicate the other?!<\/p>\n\n\n\n<p><strong>Zsuzsanna Szvetelszky<\/strong>&nbsp;is a social psychologist, gossip researcher. In her talk she goes after the mystery: who is the one really making the decision, when we think we do.<\/p>\n\n\n\n<p><strong>Bal\u00e1zs Simonyi<\/strong>, film director, creative. His latest work, ULTRA was the most viewed documentary in Hungary in 2017. He will talk about the logic and irrationality behind the long distance runner\u2019s choices and decisions and the inner processes.<\/p>\n\n\n\n<p><strong>Special Guest: Dan Ariely<\/strong><\/p>\n\n\n\n<p>Dan Ariely is a professor of psychology and behavioral economics at Duke University and a founding member of the Center for Advanced Hindsight. He is the author of the bestsellers Predictably Irrational, The Upside of Irrationality, and The Honest Truth About Dishonesty &#8212; as well as the TED Book Payoff: The Hidden Logic that Shapes Our Motivations. His latest book is Dollars and Sense: How We Misthink Money and How to Spend Smarter.<\/p>\n\n\n\n<p>In his talk (<strong>How to outsmart your financial and health decisions?<\/strong>) he will reveal how can we use findings from social science and behavioural economics to improve our health, financial decision-making and overall quality of life.<\/p>\n\n\n\n<p>Students\u2019 and Academics\u2019 Discounted Ticket: 10&nbsp;000 Ft<\/p>\n\n\n\n<p>Ticket: 15&nbsp;000 Ft<\/p>\n\n\n\n<p><a href=\"http:\/\/tedxyouthatbudapest.com\/esemenyek\/tedxbudapest\">More information and registration here&gt;&gt;<\/a><\/p>\n\n\n\n<p><em>THE PRESENTATIONS ARE IN HUNGARIAN AND IN ENGLISH.<\/em><\/p>\n\n\n\n<p><em>SIMULTANEOUS INTERPRETATION AVAILABLE (EQUIPMENT AVAILABLE ON SITE)<\/em><\/p>\n\n\n\n<p><br><strong>About the Organizer:<\/strong><\/p>\n\n\n\n<figure class=\"wp-block-image\"><img decoding=\"async\" src=\"https:\/\/www.bcch.com\/images\/TEDxYouth.jpg\" alt=\"\"\/><\/figure>\n\n\n\n<p><br>We have been organizing TEDxYouth@Budapest events since 2010. On 23 April this year we presented you TEDxBudapestLive, the exclusive, feature broadcast from TED2018. On 12 June we are going to navigate the fine line between rational and irrational with a fantastic guest speaker and inspiring Hungarian presenters at TEDxBudapest 2018. In August we will be there as always at Sziget Festival with an outstanding lineup. &nbsp;On November 24 let\u2019s meet again at TEDxYouth@Budapest and spend an inspiring day with the thought-provoking presentations of our young speakers all under 30.<\/p>\n","protected":false},"excerpt":{"rendered":"<p>Date: Tuesday, June 12,&nbsp;2018&nbsp;16:30-20:00&nbsp;Venue: CEU, 1051 Budapest, N\u00e1dor street 15 TEDxBudapest 2018 &#8211; Rational \/\/ Irrational&nbsp;Our beautiful illogical decisions Special Guest: Dan Ariely Date: Tuesday, June 12, 2018 16:30-20:00Location: CEU, 1051 Budapest, N\u00e1dor street 15 Website:&nbsp;http:\/\/tedxyouthatbudapest.com\/esemenyek\/tedxbudapest Are you a rational thinker? Do you always and consistently make the best possible decision? Are you sure? What [&hellip;]<\/p>\n","protected":false},"author":1,"featured_media":0,"comment_status":"closed","ping_status":"open","sticky":false,"template":"","format":"standard","meta":{"_et_pb_use_builder":"off","_et_pb_old_content":"","_et_gb_content_width":"1080","footnotes":""},"categories":[4],"tags":[],"class_list":["post-301","post","type-post","status-publish","format-standard","hentry","category-events"],"yoast_head":"<!-- This site is optimized with the Yoast SEO plugin v24.7 - https:\/\/yoast.com\/wordpress\/plugins\/seo\/ -->\n<title>TEDxBudapest 2018 - Rational \/\/ Irrational - BCCH<\/title>\n<meta name=\"robots\" content=\"index, follow, max-snippet:-1, max-image-preview:large, max-video-preview:-1\" \/>\n<link rel=\"canonical\" href=\"https:\/\/bcch.com\/?p=301\" \/>\n<meta property=\"og:locale\" content=\"en_GB\" \/>\n<meta property=\"og:type\" content=\"article\" \/>\n<meta property=\"og:title\" content=\"TEDxBudapest 2018 - Rational \/\/ Irrational - BCCH\" \/>\n<meta property=\"og:description\" content=\"Date: Tuesday, June 12,&nbsp;2018&nbsp;16:30-20:00&nbsp;Venue: CEU, 1051 Budapest, N\u00e1dor street 15 TEDxBudapest 2018 &#8211; Rational \/\/ Irrational&nbsp;Our beautiful illogical decisions Special Guest: Dan Ariely Date: Tuesday, June 12, 2018 16:30-20:00Location: CEU, 1051 Budapest, N\u00e1dor street 15 Website:&nbsp;http:\/\/tedxyouthatbudapest.com\/esemenyek\/tedxbudapest Are you a rational thinker? Do you always and consistently make the best possible decision? Are you sure? What [&hellip;]\" \/>\n<meta property=\"og:url\" content=\"https:\/\/bcch.com\/?p=301\" \/>\n<meta property=\"og:site_name\" content=\"BCCH\" \/>\n<meta property=\"article:published_time\" content=\"2020-01-28T09:52:26+00:00\" \/>\n<meta property=\"article:modified_time\" content=\"2020-01-28T09:52:28+00:00\" \/>\n<meta property=\"og:image\" content=\"https:\/\/www.bcch.com\/images\/TEDx.png\" \/>\n<meta name=\"author\" content=\"BCCH\" \/>\n<meta name=\"twitter:card\" content=\"summary_large_image\" \/>\n<meta name=\"twitter:label1\" content=\"Written by\" \/>\n\t<meta name=\"twitter:data1\" content=\"BCCH\" \/>\n\t<meta name=\"twitter:label2\" content=\"Estimated reading time\" \/>\n\t<meta name=\"twitter:data2\" content=\"3 minutes\" \/>\n<script type=\"application\/ld+json\" class=\"yoast-schema-graph\">{\"@context\":\"https:\/\/schema.org\",\"@graph\":[{\"@type\":\"WebPage\",\"@id\":\"https:\/\/bcch.com\/?p=301\",\"url\":\"https:\/\/bcch.com\/?p=301\",\"name\":\"TEDxBudapest 2018 - Rational \/\/ Irrational - BCCH\",\"isPartOf\":{\"@id\":\"https:\/\/bcch.com\/#website\"},\"primaryImageOfPage\":{\"@id\":\"https:\/\/bcch.com\/?p=301#primaryimage\"},\"image\":{\"@id\":\"https:\/\/bcch.com\/?p=301#primaryimage\"},\"thumbnailUrl\":\"https:\/\/www.bcch.com\/images\/TEDx.png\",\"datePublished\":\"2020-01-28T09:52:26+00:00\",\"dateModified\":\"2020-01-28T09:52:28+00:00\",\"author\":{\"@id\":\"https:\/\/bcch.com\/#\/schema\/person\/765ca0c821af61bb6c36c872cd678fb1\"},\"breadcrumb\":{\"@id\":\"https:\/\/bcch.com\/?p=301#breadcrumb\"},\"inLanguage\":\"en-GB\",\"potentialAction\":[{\"@type\":\"ReadAction\",\"target\":[\"https:\/\/bcch.com\/?p=301\"]}]},{\"@type\":\"ImageObject\",\"inLanguage\":\"en-GB\",\"@id\":\"https:\/\/bcch.com\/?p=301#primaryimage\",\"url\":\"https:\/\/www.bcch.com\/images\/TEDx.png\",\"contentUrl\":\"https:\/\/www.bcch.com\/images\/TEDx.png\"},{\"@type\":\"BreadcrumbList\",\"@id\":\"https:\/\/bcch.com\/?p=301#breadcrumb\",\"itemListElement\":[{\"@type\":\"ListItem\",\"position\":1,\"name\":\"Home\",\"item\":\"https:\/\/bcch.com\/\"},{\"@type\":\"ListItem\",\"position\":2,\"name\":\"TEDxBudapest 2018 &#8211; Rational \/\/ Irrational\"}]},{\"@type\":\"WebSite\",\"@id\":\"https:\/\/bcch.com\/#website\",\"url\":\"https:\/\/bcch.com\/\",\"name\":\"BCCH\",\"description\":\"British Chamber of Commerce in Hungary\",\"potentialAction\":[{\"@type\":\"SearchAction\",\"target\":{\"@type\":\"EntryPoint\",\"urlTemplate\":\"https:\/\/bcch.com\/?s={search_term_string}\"},\"query-input\":{\"@type\":\"PropertyValueSpecification\",\"valueRequired\":true,\"valueName\":\"search_term_string\"}}],\"inLanguage\":\"en-GB\"},{\"@type\":\"Person\",\"@id\":\"https:\/\/bcch.com\/#\/schema\/person\/765ca0c821af61bb6c36c872cd678fb1\",\"name\":\"BCCH\",\"image\":{\"@type\":\"ImageObject\",\"inLanguage\":\"en-GB\",\"@id\":\"https:\/\/bcch.com\/#\/schema\/person\/image\/\",\"url\":\"https:\/\/secure.gravatar.com\/avatar\/9c170d8ffd69a4ec807bfceefdf5e282?s=96&d=blank&r=g\",\"contentUrl\":\"https:\/\/secure.gravatar.com\/avatar\/9c170d8ffd69a4ec807bfceefdf5e282?s=96&d=blank&r=g\",\"caption\":\"BCCH\"},\"url\":\"https:\/\/bcch.com\/?author=1\"}]}<\/script>\n<!-- \/ Yoast SEO plugin. -->","yoast_head_json":{"title":"TEDxBudapest 2018 - Rational \/\/ Irrational - BCCH","robots":{"index":"index","follow":"follow","max-snippet":"max-snippet:-1","max-image-preview":"max-image-preview:large","max-video-preview":"max-video-preview:-1"},"canonical":"https:\/\/bcch.com\/?p=301","og_locale":"en_GB","og_type":"article","og_title":"TEDxBudapest 2018 - Rational \/\/ Irrational - BCCH","og_description":"Date: Tuesday, June 12,&nbsp;2018&nbsp;16:30-20:00&nbsp;Venue: CEU, 1051 Budapest, N\u00e1dor street 15 TEDxBudapest 2018 &#8211; Rational \/\/ Irrational&nbsp;Our beautiful illogical decisions Special Guest: Dan Ariely Date: Tuesday, June 12, 2018 16:30-20:00Location: CEU, 1051 Budapest, N\u00e1dor street 15 Website:&nbsp;http:\/\/tedxyouthatbudapest.com\/esemenyek\/tedxbudapest Are you a rational thinker? Do you always and consistently make the best possible decision? Are you sure? What [&hellip;]","og_url":"https:\/\/bcch.com\/?p=301","og_site_name":"BCCH","article_published_time":"2020-01-28T09:52:26+00:00","article_modified_time":"2020-01-28T09:52:28+00:00","og_image":[{"url":"https:\/\/www.bcch.com\/images\/TEDx.png","type":"","width":"","height":""}],"author":"BCCH","twitter_card":"summary_large_image","twitter_misc":{"Written by":"BCCH","Estimated reading time":"3 minutes"},"schema":{"@context":"https:\/\/schema.org","@graph":[{"@type":"WebPage","@id":"https:\/\/bcch.com\/?p=301","url":"https:\/\/bcch.com\/?p=301","name":"TEDxBudapest 2018 - Rational \/\/ Irrational - BCCH","isPartOf":{"@id":"https:\/\/bcch.com\/#website"},"primaryImageOfPage":{"@id":"https:\/\/bcch.com\/?p=301#primaryimage"},"image":{"@id":"https:\/\/bcch.com\/?p=301#primaryimage"},"thumbnailUrl":"https:\/\/www.bcch.com\/images\/TEDx.png","datePublished":"2020-01-28T09:52:26+00:00","dateModified":"2020-01-28T09:52:28+00:00","author":{"@id":"https:\/\/bcch.com\/#\/schema\/person\/765ca0c821af61bb6c36c872cd678fb1"},"breadcrumb":{"@id":"https:\/\/bcch.com\/?p=301#breadcrumb"},"inLanguage":"en-GB","potentialAction":[{"@type":"ReadAction","target":["https:\/\/bcch.com\/?p=301"]}]},{"@type":"ImageObject","inLanguage":"en-GB","@id":"https:\/\/bcch.com\/?p=301#primaryimage","url":"https:\/\/www.bcch.com\/images\/TEDx.png","contentUrl":"https:\/\/www.bcch.com\/images\/TEDx.png"},{"@type":"BreadcrumbList","@id":"https:\/\/bcch.com\/?p=301#breadcrumb","itemListElement":[{"@type":"ListItem","position":1,"name":"Home","item":"https:\/\/bcch.com\/"},{"@type":"ListItem","position":2,"name":"TEDxBudapest 2018 &#8211; Rational \/\/ Irrational"}]},{"@type":"WebSite","@id":"https:\/\/bcch.com\/#website","url":"https:\/\/bcch.com\/","name":"BCCH","description":"British Chamber of Commerce in Hungary","potentialAction":[{"@type":"SearchAction","target":{"@type":"EntryPoint","urlTemplate":"https:\/\/bcch.com\/?s={search_term_string}"},"query-input":{"@type":"PropertyValueSpecification","valueRequired":true,"valueName":"search_term_string"}}],"inLanguage":"en-GB"},{"@type":"Person","@id":"https:\/\/bcch.com\/#\/schema\/person\/765ca0c821af61bb6c36c872cd678fb1","name":"BCCH","image":{"@type":"ImageObject","inLanguage":"en-GB","@id":"https:\/\/bcch.com\/#\/schema\/person\/image\/","url":"https:\/\/secure.gravatar.com\/avatar\/9c170d8ffd69a4ec807bfceefdf5e282?s=96&d=blank&r=g","contentUrl":"https:\/\/secure.gravatar.com\/avatar\/9c170d8ffd69a4ec807bfceefdf5e282?s=96&d=blank&r=g","caption":"BCCH"},"url":"https:\/\/bcch.com\/?author=1"}]}},"_links":{"self":[{"href":"https:\/\/bcch.com\/index.php?rest_route=\/wp\/v2\/posts\/301","targetHints":{"allow":["GET"]}}],"collection":[{"href":"https:\/\/bcch.com\/index.php?rest_route=\/wp\/v2\/posts"}],"about":[{"href":"https:\/\/bcch.com\/index.php?rest_route=\/wp\/v2\/types\/post"}],"author":[{"embeddable":true,"href":"https:\/\/bcch.com\/index.php?rest_route=\/wp\/v2\/users\/1"}],"replies":[{"embeddable":true,"href":"https:\/\/bcch.com\/index.php?rest_route=%2Fwp%2Fv2%2Fcomments&post=301"}],"version-history":[{"count":1,"href":"https:\/\/bcch.com\/index.php?rest_route=\/wp\/v2\/posts\/301\/revisions"}],"predecessor-version":[{"id":302,"href":"https:\/\/bcch.com\/index.php?rest_route=\/wp\/v2\/posts\/301\/revisions\/302"}],"wp:attachment":[{"href":"https:\/\/bcch.com\/index.php?rest_route=%2Fwp%2Fv2%2Fmedia&parent=301"}],"wp:term":[{"taxonomy":"category","embeddable":true,"href":"https:\/\/bcch.com\/index.php?rest_route=%2Fwp%2Fv2%2Fcategories&post=301"},{"taxonomy":"post_tag","embeddable":true,"href":"https:\/\/bcch.com\/index.php?rest_route=%2Fwp%2Fv2%2Ftags&post=301"}],"curies":[{"name":"wp","href":"https:\/\/api.w.org\/{rel}","templated":true}]}}