{"id":291,"date":"2020-01-28T10:47:16","date_gmt":"2020-01-28T09:47:16","guid":{"rendered":"http:\/\/teszt1.bcch.com\/?p=291"},"modified":"2020-01-28T10:47:18","modified_gmt":"2020-01-28T09:47:18","slug":"cegvezetok-csucstalalkozoja","status":"publish","type":"post","link":"https:\/\/bcch.com\/?p=291","title":{"rendered":"C\u00e9gvezet\u0151k Cs\u00facstal\u00e1lkoz\u00f3ja"},"content":{"rendered":"\n<h2 class=\"wp-block-heading\"><\/h2>\n\n\n\n<p><strong>Id\u0151pont:<\/strong>&nbsp;2018. m\u00e1jus 10. cs\u00fct\u00f6rt\u00f6k, 9.00\u221217.30 (Regisztr\u00e1ci\u00f3: 8.30-t\u00f3l)&nbsp;<br><strong>Helysz\u00edn:<\/strong>&nbsp;Magyar Telekom Sz\u00e9kh\u00e1z (1013 Budapest, Krisztina krt. 55.)<\/p>\n\n\n\n<p>&nbsp;A Magyarorsz\u00e1gi Brit Kereskedelmi Kamara \u00e9s a Piac &amp; Profit szeretettel megh\u00edvj\u00e1k \u00d6nt k\u00f6z\u00f6s rendezv\u00e9ny\u00fckre, melynek t\u00e9m\u00e1ja<\/p>\n\n\n\n<h1 class=\"wp-block-heading\">&nbsp;Sikeres vezet\u0151k \u00e9ves konferenci\u00e1ja a c\u00e9gvezet\u00e9si trendekr\u0151l<\/h1>\n\n\n\n<h2 class=\"wp-block-heading\"><br>C\u00e9gvezet\u0151k Cs\u00facstal\u00e1lkoz\u00f3ja \u2212 2018&nbsp;<\/h2>\n\n\n\n<p><strong><br>Helysz\u00edn:<\/strong>&nbsp;Budapest, Krisztina krt. 55. Magyar Telekom Sz\u00e9kh\u00e1z<br><strong>Id\u0151pont:<\/strong>&nbsp;2018. m\u00e1jus 10.&nbsp;<\/p>\n\n\n\n<p>&nbsp;Van mit megbesz\u00e9lni\u00fck id\u00e9n is a magyar gazdas\u00e1g er\u0151s, fejl\u0151d\u0151k\u00e9pes v\u00e1llalatai vezet\u0151inek. 2018&nbsp; legnagyobb kih\u00edv\u00e1sai:&nbsp; a gyors technol\u00f3giav\u00e1lt\u00e1sok, az \u00faj, virtu\u00e1lis szolg\u00e1ltat\u00e1sok t\u00e9rh\u00f3d\u00edt\u00e1sa, a munkaer\u0151hi\u00e1ny fejl\u0151d\u00e9st vesz\u00e9lyeztet\u0151 m\u00e9rt\u00e9ke. 2018 legnagyobb k\u00e9rd\u00e9se:mi lesz a gazdas\u00e1gi fejl\u0151d\u00e9ssel 2020 ut\u00e1n?<\/p>\n\n\n\n<p>V\u00e1rjuk ism\u00e9t Magyarorsz\u00e1g v\u00e1llalatvezet\u0151it, d\u00f6nt\u00e9shoz\u00f3it, akik fejl\u0151d\u00e9sorient\u00e1lt, v\u00e1ltoz\u00f3k\u00e9pes, er\u0151s, piack\u00e9pes c\u00e9geket vezetnek, s a j\u00f3 \u00fczleti d\u00f6nt\u00e9sek meghozatala \u00e9rdek\u00e9ben els\u0151k k\u00f6z\u00f6tt akarj\u00e1k megismerni a trendeket. Nem csak k\u00f6vet\u0151i, hanem ir\u00e1ny\u00edt\u00f3i is c\u00e9g\u00fck j\u00f6v\u0151j\u00e9nek. Az orsz\u00e1gos tal\u00e1lkoz\u00f3 egyben rendk\u00edv\u00fcl j\u00f3 lehet\u0151s\u00e9g az \u00fczleti kapcsolatrendszer b\u0151v\u00edt\u00e9s\u00e9re, \u00e9rt\u00e9kes \u00fczleti bar\u00e1ts\u00e1gok k\u00f6t\u00e9s\u00e9re \u00e9s a m\u00e1sok j\u00f3 gyakorlat\u00e1b\u00f3l tanul\u00e1sra.&nbsp;<\/p>\n\n\n\n<p><strong>Ne csak k\u00f6vess\u00fck! Ir\u00e1ny\u00edtsuk a v\u00e1ltoz\u00e1s ir\u00e1ny\u00e1t!<br><\/strong><strong>\u00d3ri\u00e1si kih\u00edv\u00e1sokra nyer\u0151 v\u00e1laszok a legsikeresebb c\u00e9gvezet\u0151kt\u0151l!<\/strong><\/p>\n\n\n\n<figure class=\"wp-block-image\"><img decoding=\"async\" src=\"https:\/\/www.bcch.com\/images\/PIACPROFIT.jpg\" alt=\"\"\/><\/figure>\n\n\n\n<p><strong>Gazdag szakmai&nbsp; program Networking Kokt\u00e9lpartival!<br><br><\/strong><\/p>\n\n\n\n<h1 class=\"wp-block-heading\"><strong>F\u0151v\u00e9dn\u00f6k: K\u00fcrti S\u00e1ndor<\/strong><\/h1>\n\n\n\n<p><strong>El\u0151ad\u00f3k:<\/strong><\/p>\n\n\n\n<p><strong>Borb\u00e9ly L\u00e1szl\u00f3 \u00fcgyvezet\u0151<\/strong>&nbsp;(SPA Tud\u00e1sb\u00e1zis Kft.),&nbsp;<strong>Christopher Mattheisen vez\u00e9rigazgat\u00f3<\/strong>&nbsp;(Magyar<br>Telekom),&nbsp;<strong>K\u00fcrti S\u00e1ndor eln\u00f6k<\/strong>&nbsp;(K\u00fcrt Zrt.),&nbsp;<strong>Magas Istv\u00e1n az MTA doktora<\/strong>&nbsp;(BCE),&nbsp;<strong>Markovich B\u00e9la<\/strong><br><strong>\u00fcgyvezet\u0151<\/strong>&nbsp;(Mapei Kft.),&nbsp;<strong>Pal\u00f3cz \u00c9va vez\u00e9rigazgat\u00f3<\/strong>&nbsp;(Kopint-T\u00e1rki Zrt.),&nbsp;<strong>Reng Zolt\u00e1n vez\u00e9rigazgat\u00f3<\/strong><br>(Hungrana Kft.),&nbsp;<strong>Sink\u00f3 Ott\u00f3 vez\u00e9rigazgat\u00f3<\/strong>&nbsp;(Videoton Holding Zrt.),&nbsp;<strong>Sz\u0171ts Ildik\u00f3 vez\u00e9rigazgat\u00f3-<\/strong><br><strong>helyettes<\/strong>&nbsp;(Saldo Zrt.)<br><br><\/p>\n\n\n\n<p><strong>Kiemelt t\u00e9m\u00e1k:<\/strong><\/p>\n\n\n\n<p>Munkaer\u0151hi\u00e1ny! A kis- \u00e9s nagyv\u00e1llalatok legnagyobb probl\u00e9m\u00e1ja.<br>Infokommunik\u00e1ci\u00f3 rohamos fejl\u0151d\u00e9si temp\u00f3ban.<br>N\u00e9lk\u00fcl\u00fcnk is produkt\u00edvan m\u0171k\u00f6d\u0151 c\u00e9g.<br>A vezet\u0151 \u00e9s a HR \u00faj szerepben.<br>A kommunik\u00e1ci\u00f3 evol\u00faci\u00f3ja \u2013 4.0<br>A befektet\u0151k \u00e9rdekl\u0151d\u00e9s\u00e9nek legfrissebb ir\u00e1nyai.<br>Az inform\u00e1ci\u00f3biztons\u00e1g j\u00f6v\u0151je, ahogyan a legnagyobbak l\u00e1tj\u00e1k.<br>Az els\u0151 \u00fczleti gener\u00e1ci\u00f3 staf\u00e9tav\u00e1lt\u00e1sban.<br>A v\u00e1llalati kult\u00fara v\u00e1ltoz\u00f3ban.<\/p>\n\n\n\n<p><strong>Az el\u0151ad\u00e1st networking kokt\u00e9lparti k\u00f6veti, mely egy&nbsp;<\/strong><strong>k\u00fcl\u00f6nprogram a r\u00e9sztvev\u0151k sz\u00e1m\u00e1ra: kapcsolat\u00e9p\u00edt\u00e9s, plen\u00e1ris bemutatkoz\u00e1s, n\u00e9vjegyalbum, k\u00f6tetlen<\/strong><strong>besz\u00e9lget\u00e9s.<br><\/strong>(z\u00e1rtk\u00f6r\u0171, maxim\u00e1lt l\u00e9tsz\u00e1m\u00fa)<br><a href=\"http:\/\/www.piacesprofit.hu\/konferenciakozpont\/cegvezetok-csucstalalkozoja-%E2%88%92-2018\/\" target=\"_blank\" rel=\"noreferrer noopener\">A Networking programon r\u00e9szv\u00e9telr\u0151l b\u0151vebben<\/a>&nbsp;<\/p>\n\n\n\n<p>A konferenci\u00e1ra egyedi,&nbsp;<strong>10%-os kedvezm\u00e9nyes r\u00e9szv\u00e9telt<\/strong>&nbsp;biztos\u00edtunk, ugyanis a BCCH a konferencia Szakmai partnere.<br>A konferencia kedvezm\u00e9nyes r\u00e9szv\u00e9teli d\u00edja: 16.000 Ft + \u00e1fa helyett&nbsp;<strong>14.400 Ft + \u00e1fa<br><\/strong>K\u00e9rj\u00fck, a regisztr\u00e1ci\u00f3kor a kedvezm\u00e9nyek k\u00f6z\u00fcl ezt jel\u00f6lje meg:&nbsp;<strong>BCCH kedvezm\u00e9ny<\/strong><\/p>\n\n\n\n<p><strong>Tov\u00e1bbi inform\u00e1ci\u00f3\u00e9rt \u00e9s a program r\u00e9szletes le\u00edr\u00e1s\u00e1\u00e9rt kattintson&nbsp;<a href=\"http:\/\/www.piacesprofit.hu\/konferenciakozpont\/cegvezetok-csucstalalkozoja-%E2%88%92-2018\/\" target=\"_blank\" rel=\"noreferrer noopener\">ide.<\/a><\/strong><\/p>\n\n\n\n<h2 class=\"wp-block-heading\"><a href=\"http:\/\/www.piacesprofit.hu\/konferenciakozpont\/cegvezetok-csucstalalkozoja-%E2%88%92-2018\/REG=1\/\" target=\"_blank\" rel=\"noreferrer noopener\">REGISZTR\u00c1CI\u00d3<\/a><\/h2>\n","protected":false},"excerpt":{"rendered":"<p>Id\u0151pont:&nbsp;2018. m\u00e1jus 10. cs\u00fct\u00f6rt\u00f6k, 9.00\u221217.30 (Regisztr\u00e1ci\u00f3: 8.30-t\u00f3l)&nbsp;Helysz\u00edn:&nbsp;Magyar Telekom Sz\u00e9kh\u00e1z (1013 Budapest, Krisztina krt. 55.) &nbsp;A Magyarorsz\u00e1gi Brit Kereskedelmi Kamara \u00e9s a Piac &amp; Profit szeretettel megh\u00edvj\u00e1k \u00d6nt k\u00f6z\u00f6s rendezv\u00e9ny\u00fckre, melynek t\u00e9m\u00e1ja &nbsp;Sikeres vezet\u0151k \u00e9ves konferenci\u00e1ja a c\u00e9gvezet\u00e9si trendekr\u0151l C\u00e9gvezet\u0151k Cs\u00facstal\u00e1lkoz\u00f3ja \u2212 2018&nbsp; Helysz\u00edn:&nbsp;Budapest, Krisztina krt. 55. Magyar Telekom Sz\u00e9kh\u00e1zId\u0151pont:&nbsp;2018. m\u00e1jus 10.&nbsp; &nbsp;Van mit megbesz\u00e9lni\u00fck id\u00e9n [&hellip;]<\/p>\n","protected":false},"author":1,"featured_media":0,"comment_status":"closed","ping_status":"open","sticky":false,"template":"","format":"standard","meta":{"_et_pb_use_builder":"off","_et_pb_old_content":"","_et_gb_content_width":"1080","footnotes":""},"categories":[4],"tags":[],"class_list":["post-291","post","type-post","status-publish","format-standard","hentry","category-events"],"yoast_head":"<!-- This site is optimized with the Yoast SEO plugin v24.7 - https:\/\/yoast.com\/wordpress\/plugins\/seo\/ -->\n<title>C\u00e9gvezet\u0151k Cs\u00facstal\u00e1lkoz\u00f3ja - BCCH<\/title>\n<meta name=\"robots\" content=\"index, follow, max-snippet:-1, max-image-preview:large, max-video-preview:-1\" \/>\n<link rel=\"canonical\" href=\"https:\/\/bcch.com\/?p=291\" \/>\n<meta property=\"og:locale\" content=\"en_GB\" \/>\n<meta property=\"og:type\" content=\"article\" \/>\n<meta property=\"og:title\" content=\"C\u00e9gvezet\u0151k Cs\u00facstal\u00e1lkoz\u00f3ja - BCCH\" \/>\n<meta property=\"og:description\" content=\"Id\u0151pont:&nbsp;2018. m\u00e1jus 10. cs\u00fct\u00f6rt\u00f6k, 9.00\u221217.30 (Regisztr\u00e1ci\u00f3: 8.30-t\u00f3l)&nbsp;Helysz\u00edn:&nbsp;Magyar Telekom Sz\u00e9kh\u00e1z (1013 Budapest, Krisztina krt. 55.) &nbsp;A Magyarorsz\u00e1gi Brit Kereskedelmi Kamara \u00e9s a Piac &amp; Profit szeretettel megh\u00edvj\u00e1k \u00d6nt k\u00f6z\u00f6s rendezv\u00e9ny\u00fckre, melynek t\u00e9m\u00e1ja &nbsp;Sikeres vezet\u0151k \u00e9ves konferenci\u00e1ja a c\u00e9gvezet\u00e9si trendekr\u0151l C\u00e9gvezet\u0151k Cs\u00facstal\u00e1lkoz\u00f3ja \u2212 2018&nbsp; Helysz\u00edn:&nbsp;Budapest, Krisztina krt. 55. Magyar Telekom Sz\u00e9kh\u00e1zId\u0151pont:&nbsp;2018. m\u00e1jus 10.&nbsp; &nbsp;Van mit megbesz\u00e9lni\u00fck id\u00e9n [&hellip;]\" \/>\n<meta property=\"og:url\" content=\"https:\/\/bcch.com\/?p=291\" \/>\n<meta property=\"og:site_name\" content=\"BCCH\" \/>\n<meta property=\"article:published_time\" content=\"2020-01-28T09:47:16+00:00\" \/>\n<meta property=\"article:modified_time\" content=\"2020-01-28T09:47:18+00:00\" \/>\n<meta property=\"og:image\" content=\"https:\/\/www.bcch.com\/images\/PIACPROFIT.jpg\" \/>\n<meta name=\"author\" content=\"BCCH\" \/>\n<meta name=\"twitter:card\" content=\"summary_large_image\" \/>\n<meta name=\"twitter:label1\" content=\"Written by\" \/>\n\t<meta name=\"twitter:data1\" content=\"BCCH\" \/>\n\t<meta name=\"twitter:label2\" content=\"Estimated reading time\" \/>\n\t<meta name=\"twitter:data2\" content=\"3 minutes\" \/>\n<script type=\"application\/ld+json\" class=\"yoast-schema-graph\">{\"@context\":\"https:\/\/schema.org\",\"@graph\":[{\"@type\":\"WebPage\",\"@id\":\"https:\/\/bcch.com\/?p=291\",\"url\":\"https:\/\/bcch.com\/?p=291\",\"name\":\"C\u00e9gvezet\u0151k Cs\u00facstal\u00e1lkoz\u00f3ja - BCCH\",\"isPartOf\":{\"@id\":\"https:\/\/bcch.com\/#website\"},\"primaryImageOfPage\":{\"@id\":\"https:\/\/bcch.com\/?p=291#primaryimage\"},\"image\":{\"@id\":\"https:\/\/bcch.com\/?p=291#primaryimage\"},\"thumbnailUrl\":\"https:\/\/www.bcch.com\/images\/PIACPROFIT.jpg\",\"datePublished\":\"2020-01-28T09:47:16+00:00\",\"dateModified\":\"2020-01-28T09:47:18+00:00\",\"author\":{\"@id\":\"https:\/\/bcch.com\/#\/schema\/person\/765ca0c821af61bb6c36c872cd678fb1\"},\"breadcrumb\":{\"@id\":\"https:\/\/bcch.com\/?p=291#breadcrumb\"},\"inLanguage\":\"en-GB\",\"potentialAction\":[{\"@type\":\"ReadAction\",\"target\":[\"https:\/\/bcch.com\/?p=291\"]}]},{\"@type\":\"ImageObject\",\"inLanguage\":\"en-GB\",\"@id\":\"https:\/\/bcch.com\/?p=291#primaryimage\",\"url\":\"https:\/\/www.bcch.com\/images\/PIACPROFIT.jpg\",\"contentUrl\":\"https:\/\/www.bcch.com\/images\/PIACPROFIT.jpg\"},{\"@type\":\"BreadcrumbList\",\"@id\":\"https:\/\/bcch.com\/?p=291#breadcrumb\",\"itemListElement\":[{\"@type\":\"ListItem\",\"position\":1,\"name\":\"Home\",\"item\":\"https:\/\/bcch.com\/\"},{\"@type\":\"ListItem\",\"position\":2,\"name\":\"C\u00e9gvezet\u0151k Cs\u00facstal\u00e1lkoz\u00f3ja\"}]},{\"@type\":\"WebSite\",\"@id\":\"https:\/\/bcch.com\/#website\",\"url\":\"https:\/\/bcch.com\/\",\"name\":\"BCCH\",\"description\":\"British Chamber of Commerce in Hungary\",\"potentialAction\":[{\"@type\":\"SearchAction\",\"target\":{\"@type\":\"EntryPoint\",\"urlTemplate\":\"https:\/\/bcch.com\/?s={search_term_string}\"},\"query-input\":{\"@type\":\"PropertyValueSpecification\",\"valueRequired\":true,\"valueName\":\"search_term_string\"}}],\"inLanguage\":\"en-GB\"},{\"@type\":\"Person\",\"@id\":\"https:\/\/bcch.com\/#\/schema\/person\/765ca0c821af61bb6c36c872cd678fb1\",\"name\":\"BCCH\",\"image\":{\"@type\":\"ImageObject\",\"inLanguage\":\"en-GB\",\"@id\":\"https:\/\/bcch.com\/#\/schema\/person\/image\/\",\"url\":\"https:\/\/secure.gravatar.com\/avatar\/9c170d8ffd69a4ec807bfceefdf5e282?s=96&d=blank&r=g\",\"contentUrl\":\"https:\/\/secure.gravatar.com\/avatar\/9c170d8ffd69a4ec807bfceefdf5e282?s=96&d=blank&r=g\",\"caption\":\"BCCH\"},\"url\":\"https:\/\/bcch.com\/?author=1\"}]}<\/script>\n<!-- \/ Yoast SEO plugin. -->","yoast_head_json":{"title":"C\u00e9gvezet\u0151k Cs\u00facstal\u00e1lkoz\u00f3ja - BCCH","robots":{"index":"index","follow":"follow","max-snippet":"max-snippet:-1","max-image-preview":"max-image-preview:large","max-video-preview":"max-video-preview:-1"},"canonical":"https:\/\/bcch.com\/?p=291","og_locale":"en_GB","og_type":"article","og_title":"C\u00e9gvezet\u0151k Cs\u00facstal\u00e1lkoz\u00f3ja - BCCH","og_description":"Id\u0151pont:&nbsp;2018. m\u00e1jus 10. cs\u00fct\u00f6rt\u00f6k, 9.00\u221217.30 (Regisztr\u00e1ci\u00f3: 8.30-t\u00f3l)&nbsp;Helysz\u00edn:&nbsp;Magyar Telekom Sz\u00e9kh\u00e1z (1013 Budapest, Krisztina krt. 55.) &nbsp;A Magyarorsz\u00e1gi Brit Kereskedelmi Kamara \u00e9s a Piac &amp; Profit szeretettel megh\u00edvj\u00e1k \u00d6nt k\u00f6z\u00f6s rendezv\u00e9ny\u00fckre, melynek t\u00e9m\u00e1ja &nbsp;Sikeres vezet\u0151k \u00e9ves konferenci\u00e1ja a c\u00e9gvezet\u00e9si trendekr\u0151l C\u00e9gvezet\u0151k Cs\u00facstal\u00e1lkoz\u00f3ja \u2212 2018&nbsp; Helysz\u00edn:&nbsp;Budapest, Krisztina krt. 55. Magyar Telekom Sz\u00e9kh\u00e1zId\u0151pont:&nbsp;2018. m\u00e1jus 10.&nbsp; &nbsp;Van mit megbesz\u00e9lni\u00fck id\u00e9n [&hellip;]","og_url":"https:\/\/bcch.com\/?p=291","og_site_name":"BCCH","article_published_time":"2020-01-28T09:47:16+00:00","article_modified_time":"2020-01-28T09:47:18+00:00","og_image":[{"url":"https:\/\/www.bcch.com\/images\/PIACPROFIT.jpg","type":"","width":"","height":""}],"author":"BCCH","twitter_card":"summary_large_image","twitter_misc":{"Written by":"BCCH","Estimated reading time":"3 minutes"},"schema":{"@context":"https:\/\/schema.org","@graph":[{"@type":"WebPage","@id":"https:\/\/bcch.com\/?p=291","url":"https:\/\/bcch.com\/?p=291","name":"C\u00e9gvezet\u0151k Cs\u00facstal\u00e1lkoz\u00f3ja - BCCH","isPartOf":{"@id":"https:\/\/bcch.com\/#website"},"primaryImageOfPage":{"@id":"https:\/\/bcch.com\/?p=291#primaryimage"},"image":{"@id":"https:\/\/bcch.com\/?p=291#primaryimage"},"thumbnailUrl":"https:\/\/www.bcch.com\/images\/PIACPROFIT.jpg","datePublished":"2020-01-28T09:47:16+00:00","dateModified":"2020-01-28T09:47:18+00:00","author":{"@id":"https:\/\/bcch.com\/#\/schema\/person\/765ca0c821af61bb6c36c872cd678fb1"},"breadcrumb":{"@id":"https:\/\/bcch.com\/?p=291#breadcrumb"},"inLanguage":"en-GB","potentialAction":[{"@type":"ReadAction","target":["https:\/\/bcch.com\/?p=291"]}]},{"@type":"ImageObject","inLanguage":"en-GB","@id":"https:\/\/bcch.com\/?p=291#primaryimage","url":"https:\/\/www.bcch.com\/images\/PIACPROFIT.jpg","contentUrl":"https:\/\/www.bcch.com\/images\/PIACPROFIT.jpg"},{"@type":"BreadcrumbList","@id":"https:\/\/bcch.com\/?p=291#breadcrumb","itemListElement":[{"@type":"ListItem","position":1,"name":"Home","item":"https:\/\/bcch.com\/"},{"@type":"ListItem","position":2,"name":"C\u00e9gvezet\u0151k Cs\u00facstal\u00e1lkoz\u00f3ja"}]},{"@type":"WebSite","@id":"https:\/\/bcch.com\/#website","url":"https:\/\/bcch.com\/","name":"BCCH","description":"British Chamber of Commerce in Hungary","potentialAction":[{"@type":"SearchAction","target":{"@type":"EntryPoint","urlTemplate":"https:\/\/bcch.com\/?s={search_term_string}"},"query-input":{"@type":"PropertyValueSpecification","valueRequired":true,"valueName":"search_term_string"}}],"inLanguage":"en-GB"},{"@type":"Person","@id":"https:\/\/bcch.com\/#\/schema\/person\/765ca0c821af61bb6c36c872cd678fb1","name":"BCCH","image":{"@type":"ImageObject","inLanguage":"en-GB","@id":"https:\/\/bcch.com\/#\/schema\/person\/image\/","url":"https:\/\/secure.gravatar.com\/avatar\/9c170d8ffd69a4ec807bfceefdf5e282?s=96&d=blank&r=g","contentUrl":"https:\/\/secure.gravatar.com\/avatar\/9c170d8ffd69a4ec807bfceefdf5e282?s=96&d=blank&r=g","caption":"BCCH"},"url":"https:\/\/bcch.com\/?author=1"}]}},"_links":{"self":[{"href":"https:\/\/bcch.com\/index.php?rest_route=\/wp\/v2\/posts\/291","targetHints":{"allow":["GET"]}}],"collection":[{"href":"https:\/\/bcch.com\/index.php?rest_route=\/wp\/v2\/posts"}],"about":[{"href":"https:\/\/bcch.com\/index.php?rest_route=\/wp\/v2\/types\/post"}],"author":[{"embeddable":true,"href":"https:\/\/bcch.com\/index.php?rest_route=\/wp\/v2\/users\/1"}],"replies":[{"embeddable":true,"href":"https:\/\/bcch.com\/index.php?rest_route=%2Fwp%2Fv2%2Fcomments&post=291"}],"version-history":[{"count":1,"href":"https:\/\/bcch.com\/index.php?rest_route=\/wp\/v2\/posts\/291\/revisions"}],"predecessor-version":[{"id":292,"href":"https:\/\/bcch.com\/index.php?rest_route=\/wp\/v2\/posts\/291\/revisions\/292"}],"wp:attachment":[{"href":"https:\/\/bcch.com\/index.php?rest_route=%2Fwp%2Fv2%2Fmedia&parent=291"}],"wp:term":[{"taxonomy":"category","embeddable":true,"href":"https:\/\/bcch.com\/index.php?rest_route=%2Fwp%2Fv2%2Fcategories&post=291"},{"taxonomy":"post_tag","embeddable":true,"href":"https:\/\/bcch.com\/index.php?rest_route=%2Fwp%2Fv2%2Ftags&post=291"}],"curies":[{"name":"wp","href":"https:\/\/api.w.org\/{rel}","templated":true}]}}