{"id":285,"date":"2020-01-28T10:42:26","date_gmt":"2020-01-28T09:42:26","guid":{"rendered":"http:\/\/teszt1.bcch.com\/?p=285"},"modified":"2020-01-28T10:42:28","modified_gmt":"2020-01-28T09:42:28","slug":"uzleti-reggeli-vityi-peterrel","status":"publish","type":"post","link":"https:\/\/bcch.com\/?p=285","title":{"rendered":"\u00dczleti reggeli Vityi P\u00e9terrel"},"content":{"rendered":"\n<h2 class=\"wp-block-heading\"><\/h2>\n\n\n\n<p><strong>D\u00e1tum<\/strong>: 2018. \u00e1prilis 25., szerda, 8:30 &#8211; 11:00&nbsp;<br><strong>Helysz\u00edn<\/strong>:&nbsp;<a href=\"https:\/\/www.varosligetcafe.hu\/kapcsolat.html\" target=\"_blank\" rel=\"noreferrer noopener\">V\u00e1rosliget Caf\u00e9<\/a>, 1146 Budapest, Olof Palme s\u00e9t\u00e1ny 5.<\/p>\n\n\n\n<figure class=\"wp-block-image\"><a href=\"https:\/\/www.bcch.com\/\" target=\"_blank\" rel=\"noreferrer noopener\"><img decoding=\"async\" src=\"https:\/\/www.bcch.com\/images\/logos\/BCCH_logo.jpg\" alt=\"\"\/><\/a><\/figure>\n\n\n\n<figure class=\"wp-block-image\"><a href=\"http:\/\/ccch.hu\/hu\/fooldal-2\/\" target=\"_blank\" rel=\"noreferrer noopener\"><img decoding=\"async\" src=\"https:\/\/www.bcch.com\/images\/CANADIAN-CHAMBER-OF-COOMERCE-HUNGARY.png\" alt=\"\"\/><\/a><\/figure>\n\n\n\n<figure class=\"wp-block-image\"><a href=\"http:\/\/www.ricoh.hu\/\" target=\"_blank\" rel=\"noreferrer noopener\"><img decoding=\"async\" src=\"https:\/\/www.bcch.com\/images\/RICOH.jpg\" alt=\"\"\/><\/a><\/figure>\n\n\n\n<figure class=\"wp-block-image\"><a href=\"https:\/\/kurtakademia.hu\/\" target=\"_blank\" rel=\"noreferrer noopener\"><img decoding=\"async\" src=\"https:\/\/www.bcch.com\/images\/Krt-akadmia-logo.png\" alt=\"\"\/><\/a><\/figure>\n\n\n\n<p>A<strong>&nbsp;Magyarorsz\u00e1gi Brit Kereskedelmi Kamara<\/strong>, a&nbsp;<strong>K\u00fcrt<\/strong>&nbsp;<strong>Akad\u00e9mia<\/strong>, a&nbsp;<strong>Ricoh Hungary Kft.<\/strong>&nbsp;\u00e9s a&nbsp;<strong>Kanadai\u2013Magyar Kereskedelmi Kamara<\/strong>&nbsp;szeretettel megh\u00edvj\u00e1k \u00d6nt a k\u00f6z\u00f6sen megrendezett \u00fczleti reggelire, melynek t\u00e9m\u00e1ja:<\/p>\n\n\n\n<h1 class=\"wp-block-heading\"><strong>\u00daj ipari forradalom k\u00fcsz\u00f6b\u00e9n<\/strong><\/h1>\n\n\n\n<p>A diszrupt\u00edv technol\u00f3gia olyan \u00e1tt\u00f6r\u00e9seket hoz az \u00fczleti vil\u00e1gban, amelyek gy\u00f6keresen v\u00e1ltoztatj\u00e1k meg a vev\u0151i szok\u00e1sokat, business modelleket, a munk\u00e1ltat\u00e1s \u00e9s termel\u00e9s k\u00f6r\u00fclm\u00e9nyeit. A mesters\u00e9ges intelligencia, a h\u00e1l\u00f3zatba k\u00f6t\u00f6tt \u00e9s automatiz\u00e1lt okoseszk\u00f6z\u00f6k, szenzorok, a 3d nyomtat\u00e1s, a robotika, az adat alap\u00fa d\u00f6nt\u00e9shoz\u00e1s, a blokkl\u00e1nc \u00e9s okosszerz\u0151d\u00e9sek mind hozz\u00e1j\u00e1rulnak ehhez a diszrupci\u00f3hoz. Az el\u0151ad\u00e1s sor\u00e1n a r\u00e9sztvev\u0151k megismerhetik ezeket az alap trendeket \u00e9s hat\u00e1sukat az \u00fczleti vil\u00e1gra \u00e9s a t\u00e1rsadalomra.<\/p>\n\n\n\n<p><strong>Program<\/strong><br>(magyar nyelv\u0171 el\u0151ad\u00e1s)<\/p>\n\n\n\n<p>8:30 &#8211; 9:00 regisztr\u00e1ci\u00f3, reggeli<br>9:00 &#8211; 10:30 el\u0151ad\u00e1s<br>10:30 &#8211; 11:00 besz\u00e9lget\u00e9s<\/p>\n\n\n\n<p><strong>El\u0151ad\u00f3:&nbsp;<a href=\"https:\/\/kurtakademia.hu\/szakertok\/75-vityi-peter\" target=\"_blank\" rel=\"noreferrer noopener\">Vityi P\u00e9ter<\/a><\/strong><\/p>\n\n\n\n<p><strong>D\u00edj: 8.900,- Ft + \u00e1fa<\/strong><\/p>\n\n\n\n<p>Tov\u00e1bbi inform\u00e1ci\u00f3 az&nbsp;<strong>info@ccch.hu e-mail<\/strong>&nbsp;c\u00edmen.<\/p>\n\n\n\n<p><a href=\"https:\/\/kurtakademia.hu\/\" target=\"_blank\" rel=\"noreferrer noopener\">B\u0151vebben a K\u00fcrt Akad\u00e9mi\u00e1r\u00f3l<\/a><\/p>\n\n\n\n<p><strong>Megk\u00f6zel\u00edt\u00e9s:<\/strong><\/p>\n\n\n\n<p>T\u00f6bb busz- (20E, 30, 30A), troli- (75, 79) \u00e9s metr\u00f3vonal (M1) halad a k\u00f6zelben.<br>A g\u00e9pkocsival \u00e9rkez\u0151k az utc\u00e1ban parkolhatnak (fizet\u0151s parkol\u00f3).<\/p>\n","protected":false},"excerpt":{"rendered":"<p>D\u00e1tum: 2018. \u00e1prilis 25., szerda, 8:30 &#8211; 11:00&nbsp;Helysz\u00edn:&nbsp;V\u00e1rosliget Caf\u00e9, 1146 Budapest, Olof Palme s\u00e9t\u00e1ny 5. A&nbsp;Magyarorsz\u00e1gi Brit Kereskedelmi Kamara, a&nbsp;K\u00fcrt&nbsp;Akad\u00e9mia, a&nbsp;Ricoh Hungary Kft.&nbsp;\u00e9s a&nbsp;Kanadai\u2013Magyar Kereskedelmi Kamara&nbsp;szeretettel megh\u00edvj\u00e1k \u00d6nt a k\u00f6z\u00f6sen megrendezett \u00fczleti reggelire, melynek t\u00e9m\u00e1ja: \u00daj ipari forradalom k\u00fcsz\u00f6b\u00e9n A diszrupt\u00edv technol\u00f3gia olyan \u00e1tt\u00f6r\u00e9seket hoz az \u00fczleti vil\u00e1gban, amelyek gy\u00f6keresen v\u00e1ltoztatj\u00e1k meg a vev\u0151i szok\u00e1sokat, [&hellip;]<\/p>\n","protected":false},"author":1,"featured_media":0,"comment_status":"closed","ping_status":"open","sticky":false,"template":"","format":"standard","meta":{"_et_pb_use_builder":"off","_et_pb_old_content":"","_et_gb_content_width":"1080","footnotes":""},"categories":[4],"tags":[],"class_list":["post-285","post","type-post","status-publish","format-standard","hentry","category-events"],"yoast_head":"<!-- This site is optimized with the Yoast SEO plugin v24.7 - https:\/\/yoast.com\/wordpress\/plugins\/seo\/ -->\n<title>\u00dczleti reggeli Vityi P\u00e9terrel - BCCH<\/title>\n<meta name=\"robots\" content=\"index, follow, max-snippet:-1, max-image-preview:large, max-video-preview:-1\" \/>\n<link rel=\"canonical\" href=\"https:\/\/bcch.com\/?p=285\" \/>\n<meta property=\"og:locale\" content=\"en_GB\" \/>\n<meta property=\"og:type\" content=\"article\" \/>\n<meta property=\"og:title\" content=\"\u00dczleti reggeli Vityi P\u00e9terrel - BCCH\" \/>\n<meta property=\"og:description\" content=\"D\u00e1tum: 2018. \u00e1prilis 25., szerda, 8:30 &#8211; 11:00&nbsp;Helysz\u00edn:&nbsp;V\u00e1rosliget Caf\u00e9, 1146 Budapest, Olof Palme s\u00e9t\u00e1ny 5. A&nbsp;Magyarorsz\u00e1gi Brit Kereskedelmi Kamara, a&nbsp;K\u00fcrt&nbsp;Akad\u00e9mia, a&nbsp;Ricoh Hungary Kft.&nbsp;\u00e9s a&nbsp;Kanadai\u2013Magyar Kereskedelmi Kamara&nbsp;szeretettel megh\u00edvj\u00e1k \u00d6nt a k\u00f6z\u00f6sen megrendezett \u00fczleti reggelire, melynek t\u00e9m\u00e1ja: \u00daj ipari forradalom k\u00fcsz\u00f6b\u00e9n A diszrupt\u00edv technol\u00f3gia olyan \u00e1tt\u00f6r\u00e9seket hoz az \u00fczleti vil\u00e1gban, amelyek gy\u00f6keresen v\u00e1ltoztatj\u00e1k meg a vev\u0151i szok\u00e1sokat, [&hellip;]\" \/>\n<meta property=\"og:url\" content=\"https:\/\/bcch.com\/?p=285\" \/>\n<meta property=\"og:site_name\" content=\"BCCH\" \/>\n<meta property=\"article:published_time\" content=\"2020-01-28T09:42:26+00:00\" \/>\n<meta property=\"article:modified_time\" content=\"2020-01-28T09:42:28+00:00\" \/>\n<meta property=\"og:image\" content=\"https:\/\/www.bcch.com\/images\/logos\/BCCH_logo.jpg\" \/>\n<meta name=\"author\" content=\"BCCH\" \/>\n<meta name=\"twitter:card\" content=\"summary_large_image\" \/>\n<meta name=\"twitter:label1\" content=\"Written by\" \/>\n\t<meta name=\"twitter:data1\" content=\"BCCH\" \/>\n\t<meta name=\"twitter:label2\" content=\"Estimated reading time\" \/>\n\t<meta name=\"twitter:data2\" content=\"1 minute\" \/>\n<script type=\"application\/ld+json\" class=\"yoast-schema-graph\">{\"@context\":\"https:\/\/schema.org\",\"@graph\":[{\"@type\":\"WebPage\",\"@id\":\"https:\/\/bcch.com\/?p=285\",\"url\":\"https:\/\/bcch.com\/?p=285\",\"name\":\"\u00dczleti reggeli Vityi P\u00e9terrel - BCCH\",\"isPartOf\":{\"@id\":\"https:\/\/bcch.com\/#website\"},\"primaryImageOfPage\":{\"@id\":\"https:\/\/bcch.com\/?p=285#primaryimage\"},\"image\":{\"@id\":\"https:\/\/bcch.com\/?p=285#primaryimage\"},\"thumbnailUrl\":\"https:\/\/www.bcch.com\/images\/logos\/BCCH_logo.jpg\",\"datePublished\":\"2020-01-28T09:42:26+00:00\",\"dateModified\":\"2020-01-28T09:42:28+00:00\",\"author\":{\"@id\":\"https:\/\/bcch.com\/#\/schema\/person\/765ca0c821af61bb6c36c872cd678fb1\"},\"breadcrumb\":{\"@id\":\"https:\/\/bcch.com\/?p=285#breadcrumb\"},\"inLanguage\":\"en-GB\",\"potentialAction\":[{\"@type\":\"ReadAction\",\"target\":[\"https:\/\/bcch.com\/?p=285\"]}]},{\"@type\":\"ImageObject\",\"inLanguage\":\"en-GB\",\"@id\":\"https:\/\/bcch.com\/?p=285#primaryimage\",\"url\":\"https:\/\/www.bcch.com\/images\/logos\/BCCH_logo.jpg\",\"contentUrl\":\"https:\/\/www.bcch.com\/images\/logos\/BCCH_logo.jpg\"},{\"@type\":\"BreadcrumbList\",\"@id\":\"https:\/\/bcch.com\/?p=285#breadcrumb\",\"itemListElement\":[{\"@type\":\"ListItem\",\"position\":1,\"name\":\"Home\",\"item\":\"https:\/\/bcch.com\/\"},{\"@type\":\"ListItem\",\"position\":2,\"name\":\"\u00dczleti reggeli Vityi P\u00e9terrel\"}]},{\"@type\":\"WebSite\",\"@id\":\"https:\/\/bcch.com\/#website\",\"url\":\"https:\/\/bcch.com\/\",\"name\":\"BCCH\",\"description\":\"British Chamber of Commerce in Hungary\",\"potentialAction\":[{\"@type\":\"SearchAction\",\"target\":{\"@type\":\"EntryPoint\",\"urlTemplate\":\"https:\/\/bcch.com\/?s={search_term_string}\"},\"query-input\":{\"@type\":\"PropertyValueSpecification\",\"valueRequired\":true,\"valueName\":\"search_term_string\"}}],\"inLanguage\":\"en-GB\"},{\"@type\":\"Person\",\"@id\":\"https:\/\/bcch.com\/#\/schema\/person\/765ca0c821af61bb6c36c872cd678fb1\",\"name\":\"BCCH\",\"image\":{\"@type\":\"ImageObject\",\"inLanguage\":\"en-GB\",\"@id\":\"https:\/\/bcch.com\/#\/schema\/person\/image\/\",\"url\":\"https:\/\/secure.gravatar.com\/avatar\/9c170d8ffd69a4ec807bfceefdf5e282?s=96&d=blank&r=g\",\"contentUrl\":\"https:\/\/secure.gravatar.com\/avatar\/9c170d8ffd69a4ec807bfceefdf5e282?s=96&d=blank&r=g\",\"caption\":\"BCCH\"},\"url\":\"https:\/\/bcch.com\/?author=1\"}]}<\/script>\n<!-- \/ Yoast SEO plugin. -->","yoast_head_json":{"title":"\u00dczleti reggeli Vityi P\u00e9terrel - BCCH","robots":{"index":"index","follow":"follow","max-snippet":"max-snippet:-1","max-image-preview":"max-image-preview:large","max-video-preview":"max-video-preview:-1"},"canonical":"https:\/\/bcch.com\/?p=285","og_locale":"en_GB","og_type":"article","og_title":"\u00dczleti reggeli Vityi P\u00e9terrel - BCCH","og_description":"D\u00e1tum: 2018. \u00e1prilis 25., szerda, 8:30 &#8211; 11:00&nbsp;Helysz\u00edn:&nbsp;V\u00e1rosliget Caf\u00e9, 1146 Budapest, Olof Palme s\u00e9t\u00e1ny 5. A&nbsp;Magyarorsz\u00e1gi Brit Kereskedelmi Kamara, a&nbsp;K\u00fcrt&nbsp;Akad\u00e9mia, a&nbsp;Ricoh Hungary Kft.&nbsp;\u00e9s a&nbsp;Kanadai\u2013Magyar Kereskedelmi Kamara&nbsp;szeretettel megh\u00edvj\u00e1k \u00d6nt a k\u00f6z\u00f6sen megrendezett \u00fczleti reggelire, melynek t\u00e9m\u00e1ja: \u00daj ipari forradalom k\u00fcsz\u00f6b\u00e9n A diszrupt\u00edv technol\u00f3gia olyan \u00e1tt\u00f6r\u00e9seket hoz az \u00fczleti vil\u00e1gban, amelyek gy\u00f6keresen v\u00e1ltoztatj\u00e1k meg a vev\u0151i szok\u00e1sokat, [&hellip;]","og_url":"https:\/\/bcch.com\/?p=285","og_site_name":"BCCH","article_published_time":"2020-01-28T09:42:26+00:00","article_modified_time":"2020-01-28T09:42:28+00:00","og_image":[{"url":"https:\/\/www.bcch.com\/images\/logos\/BCCH_logo.jpg","type":"","width":"","height":""}],"author":"BCCH","twitter_card":"summary_large_image","twitter_misc":{"Written by":"BCCH","Estimated reading time":"1 minute"},"schema":{"@context":"https:\/\/schema.org","@graph":[{"@type":"WebPage","@id":"https:\/\/bcch.com\/?p=285","url":"https:\/\/bcch.com\/?p=285","name":"\u00dczleti reggeli Vityi P\u00e9terrel - BCCH","isPartOf":{"@id":"https:\/\/bcch.com\/#website"},"primaryImageOfPage":{"@id":"https:\/\/bcch.com\/?p=285#primaryimage"},"image":{"@id":"https:\/\/bcch.com\/?p=285#primaryimage"},"thumbnailUrl":"https:\/\/www.bcch.com\/images\/logos\/BCCH_logo.jpg","datePublished":"2020-01-28T09:42:26+00:00","dateModified":"2020-01-28T09:42:28+00:00","author":{"@id":"https:\/\/bcch.com\/#\/schema\/person\/765ca0c821af61bb6c36c872cd678fb1"},"breadcrumb":{"@id":"https:\/\/bcch.com\/?p=285#breadcrumb"},"inLanguage":"en-GB","potentialAction":[{"@type":"ReadAction","target":["https:\/\/bcch.com\/?p=285"]}]},{"@type":"ImageObject","inLanguage":"en-GB","@id":"https:\/\/bcch.com\/?p=285#primaryimage","url":"https:\/\/www.bcch.com\/images\/logos\/BCCH_logo.jpg","contentUrl":"https:\/\/www.bcch.com\/images\/logos\/BCCH_logo.jpg"},{"@type":"BreadcrumbList","@id":"https:\/\/bcch.com\/?p=285#breadcrumb","itemListElement":[{"@type":"ListItem","position":1,"name":"Home","item":"https:\/\/bcch.com\/"},{"@type":"ListItem","position":2,"name":"\u00dczleti reggeli Vityi P\u00e9terrel"}]},{"@type":"WebSite","@id":"https:\/\/bcch.com\/#website","url":"https:\/\/bcch.com\/","name":"BCCH","description":"British Chamber of Commerce in Hungary","potentialAction":[{"@type":"SearchAction","target":{"@type":"EntryPoint","urlTemplate":"https:\/\/bcch.com\/?s={search_term_string}"},"query-input":{"@type":"PropertyValueSpecification","valueRequired":true,"valueName":"search_term_string"}}],"inLanguage":"en-GB"},{"@type":"Person","@id":"https:\/\/bcch.com\/#\/schema\/person\/765ca0c821af61bb6c36c872cd678fb1","name":"BCCH","image":{"@type":"ImageObject","inLanguage":"en-GB","@id":"https:\/\/bcch.com\/#\/schema\/person\/image\/","url":"https:\/\/secure.gravatar.com\/avatar\/9c170d8ffd69a4ec807bfceefdf5e282?s=96&d=blank&r=g","contentUrl":"https:\/\/secure.gravatar.com\/avatar\/9c170d8ffd69a4ec807bfceefdf5e282?s=96&d=blank&r=g","caption":"BCCH"},"url":"https:\/\/bcch.com\/?author=1"}]}},"_links":{"self":[{"href":"https:\/\/bcch.com\/index.php?rest_route=\/wp\/v2\/posts\/285","targetHints":{"allow":["GET"]}}],"collection":[{"href":"https:\/\/bcch.com\/index.php?rest_route=\/wp\/v2\/posts"}],"about":[{"href":"https:\/\/bcch.com\/index.php?rest_route=\/wp\/v2\/types\/post"}],"author":[{"embeddable":true,"href":"https:\/\/bcch.com\/index.php?rest_route=\/wp\/v2\/users\/1"}],"replies":[{"embeddable":true,"href":"https:\/\/bcch.com\/index.php?rest_route=%2Fwp%2Fv2%2Fcomments&post=285"}],"version-history":[{"count":1,"href":"https:\/\/bcch.com\/index.php?rest_route=\/wp\/v2\/posts\/285\/revisions"}],"predecessor-version":[{"id":286,"href":"https:\/\/bcch.com\/index.php?rest_route=\/wp\/v2\/posts\/285\/revisions\/286"}],"wp:attachment":[{"href":"https:\/\/bcch.com\/index.php?rest_route=%2Fwp%2Fv2%2Fmedia&parent=285"}],"wp:term":[{"taxonomy":"category","embeddable":true,"href":"https:\/\/bcch.com\/index.php?rest_route=%2Fwp%2Fv2%2Fcategories&post=285"},{"taxonomy":"post_tag","embeddable":true,"href":"https:\/\/bcch.com\/index.php?rest_route=%2Fwp%2Fv2%2Ftags&post=285"}],"curies":[{"name":"wp","href":"https:\/\/api.w.org\/{rel}","templated":true}]}}