{"id":283,"date":"2020-01-28T10:40:05","date_gmt":"2020-01-28T09:40:05","guid":{"rendered":"http:\/\/teszt1.bcch.com\/?p=283"},"modified":"2020-01-28T10:40:06","modified_gmt":"2020-01-28T09:40:06","slug":"digitalis-zavar-es-gdpr-uzleti-reggeli","status":"publish","type":"post","link":"https:\/\/bcch.com\/?p=283","title":{"rendered":"Digit\u00e1lis zavar \u00e9s GDPR \u00dczleti Reggeli"},"content":{"rendered":"\n<h2 class=\"wp-block-heading\"><\/h2>\n\n\n\n<p><strong>D\u00e1tum:<\/strong>&nbsp;2018. \u00e1prilis 19., cs\u00fct\u00f6rt\u00f6k<br><strong>Helysz\u00edn:&nbsp;<\/strong>Knight Bird &amp; Bird Iroda<\/p>\n\n\n\n<figure class=\"wp-block-table\"><table class=\"\"><tbody><tr><td><strong>\u00dczleti reggeli<\/strong><\/td><td>&nbsp;<\/td><td><a href=\"https:\/\/twitter.com\/twobirds\"><\/a><\/td><\/tr><\/tbody><\/table><\/figure>\n\n\n\n<figure class=\"wp-block-table\"><table class=\"\"><tbody><tr><td><\/td><\/tr><\/tbody><\/table><\/figure>\n\n\n\n<figure class=\"wp-block-table\"><table class=\"\"><tbody><tr><td>Digit\u00e1lis zavar \u00e9s GDPR<\/td><\/tr><\/tbody><\/table><\/figure>\n\n\n\n<figure class=\"wp-block-table\"><table class=\"\"><tbody><tr><td><\/td><td><\/td><\/tr><\/tbody><\/table><\/figure>\n\n\n\n<figure class=\"wp-block-table\"><table class=\"\"><tbody><tr><td><a href=\"mailto:gabriella.kiss@twobirds.com\">RSVP &gt;&gt;<\/a>&nbsp;&gt;&gt;<\/td><\/tr><\/tbody><\/table><\/figure>\n\n\n\n<figure class=\"wp-block-table\"><table class=\"\"><tbody><tr><td>2018. \u00e1prilis 19.cs\u00fct\u00f6rt\u00f6kKnight Bird &amp; Bird Iroda<br>1054 Budapest<br>Szabads\u00e1g t\u00e9r 14.<br>&nbsp;<a href=\"https:\/\/www.google.hu\/maps\/place\/Budapest,+Szabads%C3%A1g+t%C3%A9r+14,+1054\/@47.5052391,19.0483819,17z\/data=!3m1!4b1!4m5!3m4!1s0x4741dc1391566531:0x65320a8e76349b3a!8m2!3d47.5052355!4d19.0505706\" target=\"_blank\" rel=\"noreferrer noopener\">T\u00e9rk\u00e9p<\/a>&nbsp;<strong>Reggeli szemin\u00e1rium a digitaliz\u00e1ci\u00f3s projektek sor\u00e1n az \u00faj EU-s \u00c1ltal\u00e1nos Adatv\u00e9delmi Rendelettel (GDPR) kapcsolatban felmer\u00fcl\u0151 jogi, IT \u00e9s \u00fczleti k\u00e9rd\u00e9sekr\u0151l<\/strong><strong><em>Breakfast seminar on legal, IT and business issues arising during digitalization projects related to the new General Data Protection Regulation (GDPR)<\/em><\/strong>Ez\u00faton megh\u00edvjuk \u00d6nt \u00e9s koll\u00e9g\u00e1it a k\u00f6vetkez\u0151 \u00fczleti reggelinkre, amelyet 2018. \u00e1prilis 19-\u00e9n (cs\u00fct\u00f6rt\u00f6k\u00f6n) reggel 9 \u00e9s 10 \u00f3ra k\u00f6z\u00f6tt tartunk. A t\u00e9ma ez\u00fattal a digitaliz\u00e1ci\u00f3s projektek sor\u00e1n az \u00faj uni\u00f3s \u00c1ltal\u00e1nos Adatv\u00e9delmi Rendelettel (GDPR) kapcsolatban felmer\u00fcl\u0151 egyes gyakorlati k\u00e9rd\u00e9sek, teend\u0151k lesznek.<em>We warmly invite you and your colleagues to our next breakfast seminar to be held on 19 April 2018 (Thursday) at 9 am \u2013 10 am. &nbsp;Join us to learn about the key GDPR-related issues which organizations should take into consideration when launching a digitalization project. The language of the event will be Hungarian. If you think a Hungarian speaking colleague could be interested in attending please kindly forward this invitation to them.<\/em>&nbsp;<strong>Miben tud seg\u00edteni a digitaliz\u00e1ci\u00f3\u2026&nbsp;<\/strong><em>Milyen adatv\u00e9delmi jogi \u00e9s technikai kih\u00edv\u00e1sokkal kell megk\u00fczdeni?<\/em><strong>Hozz\u00e1f\u00e9r\u00e9s a szem\u00e9lyes adatokhoz<em>&#8230;&nbsp;<\/em><\/strong><em>Jogi \u00e9s technikai kih\u00edv\u00e1sok \u00e9s megold\u00e1sok a k\u00fcls\u0151 partnerek hozz\u00e1f\u00e9r\u00e9se,&nbsp;illetve a munkav\u00e1llal\u00f3i saj\u00e1t eszk\u00f6z\u00f6k (BYOD) haszn\u00e1lata eset\u00e9n.<\/em><strong>\u00c9rintettek jogainak gyakkorl\u00e1sa\u2026&nbsp;<\/strong><em>Jogi \u00e9s technikai kih\u00edv\u00e1sok \u00e9s megold\u00e1sok az \u00e9rintetti adatkik\u00e9r\u00e9sek, adathordozhat\u00f3s\u00e1g, stb. biztos\u00edt\u00e1sa \u00e9rdek\u00e9ben.<\/em><strong>Adatt\u00f6rl\u00e9s\u2026&nbsp;<\/strong><em>A legnagyobb kih\u00edv\u00e1s. M\u00e9gis milyen megold\u00e1sok lehets\u00e9gesek?&nbsp;<\/em>&nbsp;Program08:30 &#8211; 09:00&nbsp;<strong>Regisztr\u00e1ci\u00f3<\/strong>&nbsp;09:00 &#8211; 10:00&nbsp;<strong>El\u0151ad\u00e1sok \u00e9s Q&amp;A<\/strong>&nbsp;El\u0151ad\u00f3k<\/td><\/tr><\/tbody><\/table><\/figure>\n\n\n\n<figure class=\"wp-block-table\"><table class=\"\"><tbody><tr><td>dr.&nbsp;Tarj\u00e1n Zolt\u00e1n<br>\u00dcgyv\u00e9d<br>Bird &amp; Bird&nbsp;Boros P\u00e9ter<br>M\u0171szaki igazgat\u00f3<br>Quattrosoft<\/td><\/tr><\/tbody><\/table><\/figure>\n","protected":false},"excerpt":{"rendered":"<p>D\u00e1tum:&nbsp;2018. \u00e1prilis 19., cs\u00fct\u00f6rt\u00f6kHelysz\u00edn:&nbsp;Knight Bird &amp; Bird Iroda \u00dczleti reggeli &nbsp; Digit\u00e1lis zavar \u00e9s GDPR RSVP &gt;&gt;&nbsp;&gt;&gt; 2018. \u00e1prilis 19.cs\u00fct\u00f6rt\u00f6kKnight Bird &amp; Bird Iroda1054 BudapestSzabads\u00e1g t\u00e9r 14.&nbsp;T\u00e9rk\u00e9p&nbsp;Reggeli szemin\u00e1rium a digitaliz\u00e1ci\u00f3s projektek sor\u00e1n az \u00faj EU-s \u00c1ltal\u00e1nos Adatv\u00e9delmi Rendelettel (GDPR) kapcsolatban felmer\u00fcl\u0151 jogi, IT \u00e9s \u00fczleti k\u00e9rd\u00e9sekr\u0151lBreakfast seminar on legal, IT and business issues arising during [&hellip;]<\/p>\n","protected":false},"author":1,"featured_media":0,"comment_status":"closed","ping_status":"open","sticky":false,"template":"","format":"standard","meta":{"_et_pb_use_builder":"off","_et_pb_old_content":"","_et_gb_content_width":"1080","footnotes":""},"categories":[4],"tags":[],"class_list":["post-283","post","type-post","status-publish","format-standard","hentry","category-events"],"yoast_head":"<!-- This site is optimized with the Yoast SEO plugin v24.7 - https:\/\/yoast.com\/wordpress\/plugins\/seo\/ -->\n<title>Digit\u00e1lis zavar \u00e9s GDPR \u00dczleti Reggeli - BCCH<\/title>\n<meta name=\"robots\" content=\"index, follow, max-snippet:-1, max-image-preview:large, max-video-preview:-1\" \/>\n<link rel=\"canonical\" href=\"https:\/\/bcch.com\/?p=283\" \/>\n<meta property=\"og:locale\" content=\"en_GB\" \/>\n<meta property=\"og:type\" content=\"article\" \/>\n<meta property=\"og:title\" content=\"Digit\u00e1lis zavar \u00e9s GDPR \u00dczleti Reggeli - BCCH\" \/>\n<meta property=\"og:description\" content=\"D\u00e1tum:&nbsp;2018. \u00e1prilis 19., cs\u00fct\u00f6rt\u00f6kHelysz\u00edn:&nbsp;Knight Bird &amp; Bird Iroda \u00dczleti reggeli &nbsp; Digit\u00e1lis zavar \u00e9s GDPR RSVP &gt;&gt;&nbsp;&gt;&gt; 2018. \u00e1prilis 19.cs\u00fct\u00f6rt\u00f6kKnight Bird &amp; Bird Iroda1054 BudapestSzabads\u00e1g t\u00e9r 14.&nbsp;T\u00e9rk\u00e9p&nbsp;Reggeli szemin\u00e1rium a digitaliz\u00e1ci\u00f3s projektek sor\u00e1n az \u00faj EU-s \u00c1ltal\u00e1nos Adatv\u00e9delmi Rendelettel (GDPR) kapcsolatban felmer\u00fcl\u0151 jogi, IT \u00e9s \u00fczleti k\u00e9rd\u00e9sekr\u0151lBreakfast seminar on legal, IT and business issues arising during [&hellip;]\" \/>\n<meta property=\"og:url\" content=\"https:\/\/bcch.com\/?p=283\" \/>\n<meta property=\"og:site_name\" content=\"BCCH\" \/>\n<meta property=\"article:published_time\" content=\"2020-01-28T09:40:05+00:00\" \/>\n<meta property=\"article:modified_time\" content=\"2020-01-28T09:40:06+00:00\" \/>\n<meta name=\"author\" content=\"BCCH\" \/>\n<meta name=\"twitter:card\" content=\"summary_large_image\" \/>\n<meta name=\"twitter:label1\" content=\"Written by\" \/>\n\t<meta name=\"twitter:data1\" content=\"BCCH\" \/>\n\t<meta name=\"twitter:label2\" content=\"Estimated reading time\" \/>\n\t<meta name=\"twitter:data2\" content=\"2 minutes\" \/>\n<script type=\"application\/ld+json\" class=\"yoast-schema-graph\">{\"@context\":\"https:\/\/schema.org\",\"@graph\":[{\"@type\":\"WebPage\",\"@id\":\"https:\/\/bcch.com\/?p=283\",\"url\":\"https:\/\/bcch.com\/?p=283\",\"name\":\"Digit\u00e1lis zavar \u00e9s GDPR \u00dczleti Reggeli - BCCH\",\"isPartOf\":{\"@id\":\"https:\/\/bcch.com\/#website\"},\"datePublished\":\"2020-01-28T09:40:05+00:00\",\"dateModified\":\"2020-01-28T09:40:06+00:00\",\"author\":{\"@id\":\"https:\/\/bcch.com\/#\/schema\/person\/765ca0c821af61bb6c36c872cd678fb1\"},\"breadcrumb\":{\"@id\":\"https:\/\/bcch.com\/?p=283#breadcrumb\"},\"inLanguage\":\"en-GB\",\"potentialAction\":[{\"@type\":\"ReadAction\",\"target\":[\"https:\/\/bcch.com\/?p=283\"]}]},{\"@type\":\"BreadcrumbList\",\"@id\":\"https:\/\/bcch.com\/?p=283#breadcrumb\",\"itemListElement\":[{\"@type\":\"ListItem\",\"position\":1,\"name\":\"Home\",\"item\":\"https:\/\/bcch.com\/\"},{\"@type\":\"ListItem\",\"position\":2,\"name\":\"Digit\u00e1lis zavar \u00e9s GDPR \u00dczleti Reggeli\"}]},{\"@type\":\"WebSite\",\"@id\":\"https:\/\/bcch.com\/#website\",\"url\":\"https:\/\/bcch.com\/\",\"name\":\"BCCH\",\"description\":\"British Chamber of Commerce in Hungary\",\"potentialAction\":[{\"@type\":\"SearchAction\",\"target\":{\"@type\":\"EntryPoint\",\"urlTemplate\":\"https:\/\/bcch.com\/?s={search_term_string}\"},\"query-input\":{\"@type\":\"PropertyValueSpecification\",\"valueRequired\":true,\"valueName\":\"search_term_string\"}}],\"inLanguage\":\"en-GB\"},{\"@type\":\"Person\",\"@id\":\"https:\/\/bcch.com\/#\/schema\/person\/765ca0c821af61bb6c36c872cd678fb1\",\"name\":\"BCCH\",\"image\":{\"@type\":\"ImageObject\",\"inLanguage\":\"en-GB\",\"@id\":\"https:\/\/bcch.com\/#\/schema\/person\/image\/\",\"url\":\"https:\/\/secure.gravatar.com\/avatar\/9c170d8ffd69a4ec807bfceefdf5e282?s=96&d=blank&r=g\",\"contentUrl\":\"https:\/\/secure.gravatar.com\/avatar\/9c170d8ffd69a4ec807bfceefdf5e282?s=96&d=blank&r=g\",\"caption\":\"BCCH\"},\"url\":\"https:\/\/bcch.com\/?author=1\"}]}<\/script>\n<!-- \/ Yoast SEO plugin. -->","yoast_head_json":{"title":"Digit\u00e1lis zavar \u00e9s GDPR \u00dczleti Reggeli - BCCH","robots":{"index":"index","follow":"follow","max-snippet":"max-snippet:-1","max-image-preview":"max-image-preview:large","max-video-preview":"max-video-preview:-1"},"canonical":"https:\/\/bcch.com\/?p=283","og_locale":"en_GB","og_type":"article","og_title":"Digit\u00e1lis zavar \u00e9s GDPR \u00dczleti Reggeli - BCCH","og_description":"D\u00e1tum:&nbsp;2018. \u00e1prilis 19., cs\u00fct\u00f6rt\u00f6kHelysz\u00edn:&nbsp;Knight Bird &amp; Bird Iroda \u00dczleti reggeli &nbsp; Digit\u00e1lis zavar \u00e9s GDPR RSVP &gt;&gt;&nbsp;&gt;&gt; 2018. \u00e1prilis 19.cs\u00fct\u00f6rt\u00f6kKnight Bird &amp; Bird Iroda1054 BudapestSzabads\u00e1g t\u00e9r 14.&nbsp;T\u00e9rk\u00e9p&nbsp;Reggeli szemin\u00e1rium a digitaliz\u00e1ci\u00f3s projektek sor\u00e1n az \u00faj EU-s \u00c1ltal\u00e1nos Adatv\u00e9delmi Rendelettel (GDPR) kapcsolatban felmer\u00fcl\u0151 jogi, IT \u00e9s \u00fczleti k\u00e9rd\u00e9sekr\u0151lBreakfast seminar on legal, IT and business issues arising during [&hellip;]","og_url":"https:\/\/bcch.com\/?p=283","og_site_name":"BCCH","article_published_time":"2020-01-28T09:40:05+00:00","article_modified_time":"2020-01-28T09:40:06+00:00","author":"BCCH","twitter_card":"summary_large_image","twitter_misc":{"Written by":"BCCH","Estimated reading time":"2 minutes"},"schema":{"@context":"https:\/\/schema.org","@graph":[{"@type":"WebPage","@id":"https:\/\/bcch.com\/?p=283","url":"https:\/\/bcch.com\/?p=283","name":"Digit\u00e1lis zavar \u00e9s GDPR \u00dczleti Reggeli - BCCH","isPartOf":{"@id":"https:\/\/bcch.com\/#website"},"datePublished":"2020-01-28T09:40:05+00:00","dateModified":"2020-01-28T09:40:06+00:00","author":{"@id":"https:\/\/bcch.com\/#\/schema\/person\/765ca0c821af61bb6c36c872cd678fb1"},"breadcrumb":{"@id":"https:\/\/bcch.com\/?p=283#breadcrumb"},"inLanguage":"en-GB","potentialAction":[{"@type":"ReadAction","target":["https:\/\/bcch.com\/?p=283"]}]},{"@type":"BreadcrumbList","@id":"https:\/\/bcch.com\/?p=283#breadcrumb","itemListElement":[{"@type":"ListItem","position":1,"name":"Home","item":"https:\/\/bcch.com\/"},{"@type":"ListItem","position":2,"name":"Digit\u00e1lis zavar \u00e9s GDPR \u00dczleti Reggeli"}]},{"@type":"WebSite","@id":"https:\/\/bcch.com\/#website","url":"https:\/\/bcch.com\/","name":"BCCH","description":"British Chamber of Commerce in Hungary","potentialAction":[{"@type":"SearchAction","target":{"@type":"EntryPoint","urlTemplate":"https:\/\/bcch.com\/?s={search_term_string}"},"query-input":{"@type":"PropertyValueSpecification","valueRequired":true,"valueName":"search_term_string"}}],"inLanguage":"en-GB"},{"@type":"Person","@id":"https:\/\/bcch.com\/#\/schema\/person\/765ca0c821af61bb6c36c872cd678fb1","name":"BCCH","image":{"@type":"ImageObject","inLanguage":"en-GB","@id":"https:\/\/bcch.com\/#\/schema\/person\/image\/","url":"https:\/\/secure.gravatar.com\/avatar\/9c170d8ffd69a4ec807bfceefdf5e282?s=96&d=blank&r=g","contentUrl":"https:\/\/secure.gravatar.com\/avatar\/9c170d8ffd69a4ec807bfceefdf5e282?s=96&d=blank&r=g","caption":"BCCH"},"url":"https:\/\/bcch.com\/?author=1"}]}},"_links":{"self":[{"href":"https:\/\/bcch.com\/index.php?rest_route=\/wp\/v2\/posts\/283","targetHints":{"allow":["GET"]}}],"collection":[{"href":"https:\/\/bcch.com\/index.php?rest_route=\/wp\/v2\/posts"}],"about":[{"href":"https:\/\/bcch.com\/index.php?rest_route=\/wp\/v2\/types\/post"}],"author":[{"embeddable":true,"href":"https:\/\/bcch.com\/index.php?rest_route=\/wp\/v2\/users\/1"}],"replies":[{"embeddable":true,"href":"https:\/\/bcch.com\/index.php?rest_route=%2Fwp%2Fv2%2Fcomments&post=283"}],"version-history":[{"count":1,"href":"https:\/\/bcch.com\/index.php?rest_route=\/wp\/v2\/posts\/283\/revisions"}],"predecessor-version":[{"id":284,"href":"https:\/\/bcch.com\/index.php?rest_route=\/wp\/v2\/posts\/283\/revisions\/284"}],"wp:attachment":[{"href":"https:\/\/bcch.com\/index.php?rest_route=%2Fwp%2Fv2%2Fmedia&parent=283"}],"wp:term":[{"taxonomy":"category","embeddable":true,"href":"https:\/\/bcch.com\/index.php?rest_route=%2Fwp%2Fv2%2Fcategories&post=283"},{"taxonomy":"post_tag","embeddable":true,"href":"https:\/\/bcch.com\/index.php?rest_route=%2Fwp%2Fv2%2Ftags&post=283"}],"curies":[{"name":"wp","href":"https:\/\/api.w.org\/{rel}","templated":true}]}}