{"id":271,"date":"2020-01-28T10:33:13","date_gmt":"2020-01-28T09:33:13","guid":{"rendered":"http:\/\/teszt1.bcch.com\/?p=271"},"modified":"2020-01-28T10:33:15","modified_gmt":"2020-01-28T09:33:15","slug":"business-luncheon-on-economic-perspectives-of-hungary-in-light-of-the-potential-election-results","status":"publish","type":"post","link":"https:\/\/bcch.com\/?p=271","title":{"rendered":"Business Luncheon on Economic perspectives of Hungary in light of the potential election results"},"content":{"rendered":"\n<h2 class=\"wp-block-heading\"><\/h2>\n\n\n\n<p><strong>Date and time:<\/strong>&nbsp;Wednesday, 21 March 2018 11:30-14:00&nbsp;<br><strong>Venue:&nbsp;<\/strong>Sofitel Budapest Chain Bridge, Majorelle hall<\/p>\n\n\n\n<figure class=\"wp-block-image\"><img decoding=\"async\" src=\"https:\/\/www.bcch.com\/images\/BCCH_logo.jpg\" alt=\"\"\/><\/figure>\n\n\n\n<figure class=\"wp-block-image\"><img decoding=\"async\" src=\"https:\/\/www.bcch.com\/images\/Swedish_Chamber_of_Commerce.jpg\" alt=\"\"\/><\/figure>\n\n\n\n<p>The<strong>&nbsp;British Chamber of Commerce in Hungary<\/strong>&nbsp;and the<strong>&nbsp;Swedish Chamber of Commerce in Hungary<\/strong><\/p>\n\n\n\n<p>kindly invite you to their Luncheon and presentation on<\/p>\n\n\n\n<h2 class=\"wp-block-heading\"><strong>Economic perspectives of Hungary in light of the potential election results<br><\/strong><\/h2>\n\n\n\n<p>Guest speaker:<\/p>\n\n\n\n<p><strong>Professor \u00c1kos P\u00e9ter BOD<br><br><\/strong><\/p>\n\n\n\n<p><strong>Date:<\/strong>&nbsp;Wednesday, 21 March 2018 11:30-14:00&nbsp;<br><strong>Venue:&nbsp;<\/strong>Sofitel Budapest Chain Bridge, Majorelle hall (1051 Budapest, Sz\u00e9chenyi Istv\u00e1n t\u00e9r 2.)<br><\/p>\n\n\n\n<p><strong>Please note that the language of the event is English with no translation provided into Hungarian.<\/strong><\/p>\n\n\n\n<p><strong>Participation fee: HUF 13.500<\/strong><\/p>\n\n\n\n<p><strong>To guarantee your seat, please register at noon by 14 March by sending an e-mail to&nbsp;<a href=\"mailto:swedishchamber@swedishchamber.hu\" target=\"_blank\" rel=\"noreferrer noopener\">swedishchamber@swedishchamber.hu<\/a>. Please make sure to mark the name of the participant and the company\u2019s billing address.<\/strong><\/p>\n\n\n\n<p><em>Written cancellations are accepted by 14 March. Late cancellations or \u201cno-shows\u201d will be charged. For further information please contact Rita Istiv\u00e1n, Secretary General of the Swedish Chamber of Commerce in Hungary at&nbsp;<a href=\"mailto:swedishchamber@swedishchamber.hu\" target=\"_blank\" rel=\"noreferrer noopener\">swedishchamber@swedishchamber.hu<\/a>&nbsp;or +36 309 708 433.<\/em><\/p>\n","protected":false},"excerpt":{"rendered":"<p>Date and time:&nbsp;Wednesday, 21 March 2018 11:30-14:00&nbsp;Venue:&nbsp;Sofitel Budapest Chain Bridge, Majorelle hall The&nbsp;British Chamber of Commerce in Hungary&nbsp;and the&nbsp;Swedish Chamber of Commerce in Hungary kindly invite you to their Luncheon and presentation on Economic perspectives of Hungary in light of the potential election results Guest speaker: Professor \u00c1kos P\u00e9ter BOD Date:&nbsp;Wednesday, 21 March 2018 11:30-14:00&nbsp;Venue:&nbsp;Sofitel [&hellip;]<\/p>\n","protected":false},"author":1,"featured_media":0,"comment_status":"closed","ping_status":"open","sticky":false,"template":"","format":"standard","meta":{"_et_pb_use_builder":"off","_et_pb_old_content":"","_et_gb_content_width":"1080","footnotes":""},"categories":[4],"tags":[],"class_list":["post-271","post","type-post","status-publish","format-standard","hentry","category-events"],"yoast_head":"<!-- This site is optimized with the Yoast SEO plugin v24.7 - https:\/\/yoast.com\/wordpress\/plugins\/seo\/ -->\n<title>Business Luncheon on Economic perspectives of Hungary in light of the potential election results - BCCH<\/title>\n<meta name=\"robots\" content=\"index, follow, max-snippet:-1, max-image-preview:large, max-video-preview:-1\" \/>\n<link rel=\"canonical\" href=\"https:\/\/bcch.com\/?p=271\" \/>\n<meta property=\"og:locale\" content=\"en_GB\" \/>\n<meta property=\"og:type\" content=\"article\" \/>\n<meta property=\"og:title\" content=\"Business Luncheon on Economic perspectives of Hungary in light of the potential election results - BCCH\" \/>\n<meta property=\"og:description\" content=\"Date and time:&nbsp;Wednesday, 21 March 2018 11:30-14:00&nbsp;Venue:&nbsp;Sofitel Budapest Chain Bridge, Majorelle hall The&nbsp;British Chamber of Commerce in Hungary&nbsp;and the&nbsp;Swedish Chamber of Commerce in Hungary kindly invite you to their Luncheon and presentation on Economic perspectives of Hungary in light of the potential election results Guest speaker: Professor \u00c1kos P\u00e9ter BOD Date:&nbsp;Wednesday, 21 March 2018 11:30-14:00&nbsp;Venue:&nbsp;Sofitel [&hellip;]\" \/>\n<meta property=\"og:url\" content=\"https:\/\/bcch.com\/?p=271\" \/>\n<meta property=\"og:site_name\" content=\"BCCH\" \/>\n<meta property=\"article:published_time\" content=\"2020-01-28T09:33:13+00:00\" \/>\n<meta property=\"article:modified_time\" content=\"2020-01-28T09:33:15+00:00\" \/>\n<meta property=\"og:image\" content=\"https:\/\/www.bcch.com\/images\/BCCH_logo.jpg\" \/>\n<meta name=\"author\" content=\"BCCH\" \/>\n<meta name=\"twitter:card\" content=\"summary_large_image\" \/>\n<meta name=\"twitter:label1\" content=\"Written by\" \/>\n\t<meta name=\"twitter:data1\" content=\"BCCH\" \/>\n\t<meta name=\"twitter:label2\" content=\"Estimated reading time\" \/>\n\t<meta name=\"twitter:data2\" content=\"1 minute\" \/>\n<script type=\"application\/ld+json\" class=\"yoast-schema-graph\">{\"@context\":\"https:\/\/schema.org\",\"@graph\":[{\"@type\":\"WebPage\",\"@id\":\"https:\/\/bcch.com\/?p=271\",\"url\":\"https:\/\/bcch.com\/?p=271\",\"name\":\"Business Luncheon on Economic perspectives of Hungary in light of the potential election results - BCCH\",\"isPartOf\":{\"@id\":\"https:\/\/bcch.com\/#website\"},\"primaryImageOfPage\":{\"@id\":\"https:\/\/bcch.com\/?p=271#primaryimage\"},\"image\":{\"@id\":\"https:\/\/bcch.com\/?p=271#primaryimage\"},\"thumbnailUrl\":\"https:\/\/www.bcch.com\/images\/BCCH_logo.jpg\",\"datePublished\":\"2020-01-28T09:33:13+00:00\",\"dateModified\":\"2020-01-28T09:33:15+00:00\",\"author\":{\"@id\":\"https:\/\/bcch.com\/#\/schema\/person\/765ca0c821af61bb6c36c872cd678fb1\"},\"breadcrumb\":{\"@id\":\"https:\/\/bcch.com\/?p=271#breadcrumb\"},\"inLanguage\":\"en-GB\",\"potentialAction\":[{\"@type\":\"ReadAction\",\"target\":[\"https:\/\/bcch.com\/?p=271\"]}]},{\"@type\":\"ImageObject\",\"inLanguage\":\"en-GB\",\"@id\":\"https:\/\/bcch.com\/?p=271#primaryimage\",\"url\":\"https:\/\/www.bcch.com\/images\/BCCH_logo.jpg\",\"contentUrl\":\"https:\/\/www.bcch.com\/images\/BCCH_logo.jpg\"},{\"@type\":\"BreadcrumbList\",\"@id\":\"https:\/\/bcch.com\/?p=271#breadcrumb\",\"itemListElement\":[{\"@type\":\"ListItem\",\"position\":1,\"name\":\"Home\",\"item\":\"https:\/\/bcch.com\/\"},{\"@type\":\"ListItem\",\"position\":2,\"name\":\"Business Luncheon on Economic perspectives of Hungary in light of the potential election results\"}]},{\"@type\":\"WebSite\",\"@id\":\"https:\/\/bcch.com\/#website\",\"url\":\"https:\/\/bcch.com\/\",\"name\":\"BCCH\",\"description\":\"British Chamber of Commerce in Hungary\",\"potentialAction\":[{\"@type\":\"SearchAction\",\"target\":{\"@type\":\"EntryPoint\",\"urlTemplate\":\"https:\/\/bcch.com\/?s={search_term_string}\"},\"query-input\":{\"@type\":\"PropertyValueSpecification\",\"valueRequired\":true,\"valueName\":\"search_term_string\"}}],\"inLanguage\":\"en-GB\"},{\"@type\":\"Person\",\"@id\":\"https:\/\/bcch.com\/#\/schema\/person\/765ca0c821af61bb6c36c872cd678fb1\",\"name\":\"BCCH\",\"image\":{\"@type\":\"ImageObject\",\"inLanguage\":\"en-GB\",\"@id\":\"https:\/\/bcch.com\/#\/schema\/person\/image\/\",\"url\":\"https:\/\/secure.gravatar.com\/avatar\/9c170d8ffd69a4ec807bfceefdf5e282?s=96&d=blank&r=g\",\"contentUrl\":\"https:\/\/secure.gravatar.com\/avatar\/9c170d8ffd69a4ec807bfceefdf5e282?s=96&d=blank&r=g\",\"caption\":\"BCCH\"},\"url\":\"https:\/\/bcch.com\/?author=1\"}]}<\/script>\n<!-- \/ Yoast SEO plugin. -->","yoast_head_json":{"title":"Business Luncheon on Economic perspectives of Hungary in light of the potential election results - BCCH","robots":{"index":"index","follow":"follow","max-snippet":"max-snippet:-1","max-image-preview":"max-image-preview:large","max-video-preview":"max-video-preview:-1"},"canonical":"https:\/\/bcch.com\/?p=271","og_locale":"en_GB","og_type":"article","og_title":"Business Luncheon on Economic perspectives of Hungary in light of the potential election results - BCCH","og_description":"Date and time:&nbsp;Wednesday, 21 March 2018 11:30-14:00&nbsp;Venue:&nbsp;Sofitel Budapest Chain Bridge, Majorelle hall The&nbsp;British Chamber of Commerce in Hungary&nbsp;and the&nbsp;Swedish Chamber of Commerce in Hungary kindly invite you to their Luncheon and presentation on Economic perspectives of Hungary in light of the potential election results Guest speaker: Professor \u00c1kos P\u00e9ter BOD Date:&nbsp;Wednesday, 21 March 2018 11:30-14:00&nbsp;Venue:&nbsp;Sofitel [&hellip;]","og_url":"https:\/\/bcch.com\/?p=271","og_site_name":"BCCH","article_published_time":"2020-01-28T09:33:13+00:00","article_modified_time":"2020-01-28T09:33:15+00:00","og_image":[{"url":"https:\/\/www.bcch.com\/images\/BCCH_logo.jpg","type":"","width":"","height":""}],"author":"BCCH","twitter_card":"summary_large_image","twitter_misc":{"Written by":"BCCH","Estimated reading time":"1 minute"},"schema":{"@context":"https:\/\/schema.org","@graph":[{"@type":"WebPage","@id":"https:\/\/bcch.com\/?p=271","url":"https:\/\/bcch.com\/?p=271","name":"Business Luncheon on Economic perspectives of Hungary in light of the potential election results - BCCH","isPartOf":{"@id":"https:\/\/bcch.com\/#website"},"primaryImageOfPage":{"@id":"https:\/\/bcch.com\/?p=271#primaryimage"},"image":{"@id":"https:\/\/bcch.com\/?p=271#primaryimage"},"thumbnailUrl":"https:\/\/www.bcch.com\/images\/BCCH_logo.jpg","datePublished":"2020-01-28T09:33:13+00:00","dateModified":"2020-01-28T09:33:15+00:00","author":{"@id":"https:\/\/bcch.com\/#\/schema\/person\/765ca0c821af61bb6c36c872cd678fb1"},"breadcrumb":{"@id":"https:\/\/bcch.com\/?p=271#breadcrumb"},"inLanguage":"en-GB","potentialAction":[{"@type":"ReadAction","target":["https:\/\/bcch.com\/?p=271"]}]},{"@type":"ImageObject","inLanguage":"en-GB","@id":"https:\/\/bcch.com\/?p=271#primaryimage","url":"https:\/\/www.bcch.com\/images\/BCCH_logo.jpg","contentUrl":"https:\/\/www.bcch.com\/images\/BCCH_logo.jpg"},{"@type":"BreadcrumbList","@id":"https:\/\/bcch.com\/?p=271#breadcrumb","itemListElement":[{"@type":"ListItem","position":1,"name":"Home","item":"https:\/\/bcch.com\/"},{"@type":"ListItem","position":2,"name":"Business Luncheon on Economic perspectives of Hungary in light of the potential election results"}]},{"@type":"WebSite","@id":"https:\/\/bcch.com\/#website","url":"https:\/\/bcch.com\/","name":"BCCH","description":"British Chamber of Commerce in Hungary","potentialAction":[{"@type":"SearchAction","target":{"@type":"EntryPoint","urlTemplate":"https:\/\/bcch.com\/?s={search_term_string}"},"query-input":{"@type":"PropertyValueSpecification","valueRequired":true,"valueName":"search_term_string"}}],"inLanguage":"en-GB"},{"@type":"Person","@id":"https:\/\/bcch.com\/#\/schema\/person\/765ca0c821af61bb6c36c872cd678fb1","name":"BCCH","image":{"@type":"ImageObject","inLanguage":"en-GB","@id":"https:\/\/bcch.com\/#\/schema\/person\/image\/","url":"https:\/\/secure.gravatar.com\/avatar\/9c170d8ffd69a4ec807bfceefdf5e282?s=96&d=blank&r=g","contentUrl":"https:\/\/secure.gravatar.com\/avatar\/9c170d8ffd69a4ec807bfceefdf5e282?s=96&d=blank&r=g","caption":"BCCH"},"url":"https:\/\/bcch.com\/?author=1"}]}},"_links":{"self":[{"href":"https:\/\/bcch.com\/index.php?rest_route=\/wp\/v2\/posts\/271","targetHints":{"allow":["GET"]}}],"collection":[{"href":"https:\/\/bcch.com\/index.php?rest_route=\/wp\/v2\/posts"}],"about":[{"href":"https:\/\/bcch.com\/index.php?rest_route=\/wp\/v2\/types\/post"}],"author":[{"embeddable":true,"href":"https:\/\/bcch.com\/index.php?rest_route=\/wp\/v2\/users\/1"}],"replies":[{"embeddable":true,"href":"https:\/\/bcch.com\/index.php?rest_route=%2Fwp%2Fv2%2Fcomments&post=271"}],"version-history":[{"count":1,"href":"https:\/\/bcch.com\/index.php?rest_route=\/wp\/v2\/posts\/271\/revisions"}],"predecessor-version":[{"id":272,"href":"https:\/\/bcch.com\/index.php?rest_route=\/wp\/v2\/posts\/271\/revisions\/272"}],"wp:attachment":[{"href":"https:\/\/bcch.com\/index.php?rest_route=%2Fwp%2Fv2%2Fmedia&parent=271"}],"wp:term":[{"taxonomy":"category","embeddable":true,"href":"https:\/\/bcch.com\/index.php?rest_route=%2Fwp%2Fv2%2Fcategories&post=271"},{"taxonomy":"post_tag","embeddable":true,"href":"https:\/\/bcch.com\/index.php?rest_route=%2Fwp%2Fv2%2Ftags&post=271"}],"curies":[{"name":"wp","href":"https:\/\/api.w.org\/{rel}","templated":true}]}}