{"id":261,"date":"2020-01-28T10:26:56","date_gmt":"2020-01-28T09:26:56","guid":{"rendered":"http:\/\/teszt1.bcch.com\/?p=261"},"modified":"2020-01-28T10:26:56","modified_gmt":"2020-01-28T09:26:56","slug":"business-lunch-with-guest-speaker-mr-laszlo-turoczy-deputy-secretary-of-state-for-economic-planning-and-competitiveness-ministry-for-national-economy","status":"publish","type":"post","link":"https:\/\/bcch.com\/?p=261","title":{"rendered":"Business Lunch with Guest Speaker Mr L\u00e1szl\u00f3 Tur\u00f3czy, Deputy Secretary of State for economic planning and competitiveness, Ministry for National Economy"},"content":{"rendered":"\n<h2 class=\"wp-block-heading\"><\/h2>\n\n\n\n<p><strong>Date and time<\/strong>:&nbsp;Thursday,&nbsp;25&nbsp;January 2018, 12:00<br><strong>Venue:<\/strong>&nbsp;Kempinski Hotel Corvinus<\/p>\n\n\n\n<figure class=\"wp-block-image\"><img decoding=\"async\" src=\"https:\/\/www.bcch.com\/images\/BCCH_logo.jpg\" alt=\"\"\/><\/figure>\n\n\n\n<figure class=\"wp-block-image\"><img decoding=\"async\" src=\"https:\/\/www.bcch.com\/images\/CCIFH-Magyar_Francia_Kereskedelmi_es_Iparkamara.jpg\" alt=\"\"\/><\/figure>\n\n\n\n<p>The&nbsp;<strong>British Chamber of Commerce in Hungar<\/strong>y and the&nbsp;<strong>French-Hungarian Chamber of Commerce and Industry<\/strong><\/p>\n\n\n\n<p>and their partners:<br><br><\/p>\n\n\n\n<p>The<strong>&nbsp;Canadian Chamber of Commerce in Hungary,&nbsp;<\/strong>the<strong>&nbsp;German-Hungarian Chamber of Industry and Commerce, Joint Venture Association,&nbsp;<\/strong>the<strong>&nbsp;Netherlands-Hungarian Chamber of Commerce,<\/strong>&nbsp;and&nbsp;the<strong>&nbsp;Italian Chamber of Commerce for Hungary<\/strong><\/p>\n\n\n\n<p>cordially invite you to a<br><br><\/p>\n\n\n\n<p><strong>Business Lunch with Guest Speaker<\/strong><\/p>\n\n\n\n<h1 class=\"wp-block-heading\">Mr&nbsp;L\u00e1szl\u00f3 Tur\u00f3czy<\/h1>\n\n\n\n<h2 class=\"wp-block-heading\"><strong>Deputy Secretary of State for economic planning and competitiveness&nbsp;<br><\/strong><strong>Ministry for National Economy<\/strong><\/h2>\n\n\n\n<p><strong>Topic:<\/strong><\/p>\n\n\n\n<h2 class=\"wp-block-heading\"><strong>Competitiveness and labour shortage<\/strong><\/h2>\n\n\n\n<p><strong>Date:<\/strong>&nbsp;Thursday,&nbsp;25&nbsp;January 2018, 12:00-14:00 (registration from 11:30)<br><strong>Venue:<\/strong>&nbsp;Kempinski Hotel Corvinus (1051 Budapest, Erzs\u00e9bet t\u00e9r 7-8.)<br><br><\/p>\n\n\n\n<p><strong>The presentation will be held in Hungarian (with simultaneous translation into English).<br><br><\/strong><\/p>\n\n\n\n<p><strong>Participation fee:<br><\/strong>BCCH members: HUF 16,500 +VAT<br>Non-members: HUF 24,750 + VAT<\/p>\n\n\n\n<p>Participation fees&nbsp;(a gross amount of HUF 20,955 for members, HUF 26,350 for non-members)&nbsp;are transferable to&nbsp;<strong>Magyarorsz\u00e1gi Brit Kereskedelmi Kamara at Budapest Bank, HU72-10102244-82717800-01004000 (Swift code: BUDAHUHB, HUF bank account)<\/strong>&nbsp;with the indication of the event title&nbsp;<strong>(Business Lunch with Attila Istv\u00e1n<\/strong>&nbsp;<strong>Simon)<\/strong>. Please note that the original invoice will be issued and sent to the email address provided in the registration process of the event once the event has taken place.<\/p>\n\n\n\n<p><strong>Please note the following:<\/strong><br>We can only accept a limited number of registrations on a first come first served basis.<br>Your registration is automatically accepted upon submission, but&nbsp;confirmation is sent afterwards.<br>We can only accept cancellations 48 hours prior to the event.<br>Late cancellations and no-shows will be invoiced.<\/p>\n\n\n\n<p>Please note that photos are taken at our events and by participating you consent to those taken of you to be published on the BCCH website and\/or in the Chamber&#8217;s publications.<br><br><\/p>\n\n\n\n<p><strong>Please confirm your attendance by Tuesday, 23 January 2018 the latest by clicking on the button below.<\/strong><\/p>\n","protected":false},"excerpt":{"rendered":"<p>Date and time:&nbsp;Thursday,&nbsp;25&nbsp;January 2018, 12:00Venue:&nbsp;Kempinski Hotel Corvinus The&nbsp;British Chamber of Commerce in Hungary and the&nbsp;French-Hungarian Chamber of Commerce and Industry and their partners: The&nbsp;Canadian Chamber of Commerce in Hungary,&nbsp;the&nbsp;German-Hungarian Chamber of Industry and Commerce, Joint Venture Association,&nbsp;the&nbsp;Netherlands-Hungarian Chamber of Commerce,&nbsp;and&nbsp;the&nbsp;Italian Chamber of Commerce for Hungary cordially invite you to a Business Lunch with Guest Speaker [&hellip;]<\/p>\n","protected":false},"author":1,"featured_media":0,"comment_status":"closed","ping_status":"open","sticky":false,"template":"","format":"standard","meta":{"_et_pb_use_builder":"off","_et_pb_old_content":"","_et_gb_content_width":"1080","footnotes":""},"categories":[4],"tags":[],"class_list":["post-261","post","type-post","status-publish","format-standard","hentry","category-events"],"yoast_head":"<!-- This site is optimized with the Yoast SEO plugin v24.7 - https:\/\/yoast.com\/wordpress\/plugins\/seo\/ -->\n<title>Business Lunch with Guest Speaker Mr L\u00e1szl\u00f3 Tur\u00f3czy, Deputy Secretary of State for economic planning and competitiveness, Ministry for National Economy - BCCH<\/title>\n<meta name=\"robots\" content=\"index, follow, max-snippet:-1, max-image-preview:large, max-video-preview:-1\" \/>\n<link rel=\"canonical\" href=\"https:\/\/bcch.com\/?p=261\" \/>\n<meta property=\"og:locale\" content=\"en_GB\" \/>\n<meta property=\"og:type\" content=\"article\" \/>\n<meta property=\"og:title\" content=\"Business Lunch with Guest Speaker Mr L\u00e1szl\u00f3 Tur\u00f3czy, Deputy Secretary of State for economic planning and competitiveness, Ministry for National Economy - BCCH\" \/>\n<meta property=\"og:description\" content=\"Date and time:&nbsp;Thursday,&nbsp;25&nbsp;January 2018, 12:00Venue:&nbsp;Kempinski Hotel Corvinus The&nbsp;British Chamber of Commerce in Hungary and the&nbsp;French-Hungarian Chamber of Commerce and Industry and their partners: The&nbsp;Canadian Chamber of Commerce in Hungary,&nbsp;the&nbsp;German-Hungarian Chamber of Industry and Commerce, Joint Venture Association,&nbsp;the&nbsp;Netherlands-Hungarian Chamber of Commerce,&nbsp;and&nbsp;the&nbsp;Italian Chamber of Commerce for Hungary cordially invite you to a Business Lunch with Guest Speaker [&hellip;]\" \/>\n<meta property=\"og:url\" content=\"https:\/\/bcch.com\/?p=261\" \/>\n<meta property=\"og:site_name\" content=\"BCCH\" \/>\n<meta property=\"article:published_time\" content=\"2020-01-28T09:26:56+00:00\" \/>\n<meta property=\"og:image\" content=\"https:\/\/www.bcch.com\/images\/BCCH_logo.jpg\" \/>\n<meta name=\"author\" content=\"BCCH\" \/>\n<meta name=\"twitter:card\" content=\"summary_large_image\" \/>\n<meta name=\"twitter:label1\" content=\"Written by\" \/>\n\t<meta name=\"twitter:data1\" content=\"BCCH\" \/>\n\t<meta name=\"twitter:label2\" content=\"Estimated reading time\" \/>\n\t<meta name=\"twitter:data2\" content=\"2 minutes\" \/>\n<script type=\"application\/ld+json\" class=\"yoast-schema-graph\">{\"@context\":\"https:\/\/schema.org\",\"@graph\":[{\"@type\":\"WebPage\",\"@id\":\"https:\/\/bcch.com\/?p=261\",\"url\":\"https:\/\/bcch.com\/?p=261\",\"name\":\"Business Lunch with Guest Speaker Mr L\u00e1szl\u00f3 Tur\u00f3czy, Deputy Secretary of State for economic planning and competitiveness, Ministry for National Economy - BCCH\",\"isPartOf\":{\"@id\":\"https:\/\/bcch.com\/#website\"},\"primaryImageOfPage\":{\"@id\":\"https:\/\/bcch.com\/?p=261#primaryimage\"},\"image\":{\"@id\":\"https:\/\/bcch.com\/?p=261#primaryimage\"},\"thumbnailUrl\":\"https:\/\/www.bcch.com\/images\/BCCH_logo.jpg\",\"datePublished\":\"2020-01-28T09:26:56+00:00\",\"author\":{\"@id\":\"https:\/\/bcch.com\/#\/schema\/person\/765ca0c821af61bb6c36c872cd678fb1\"},\"breadcrumb\":{\"@id\":\"https:\/\/bcch.com\/?p=261#breadcrumb\"},\"inLanguage\":\"en-GB\",\"potentialAction\":[{\"@type\":\"ReadAction\",\"target\":[\"https:\/\/bcch.com\/?p=261\"]}]},{\"@type\":\"ImageObject\",\"inLanguage\":\"en-GB\",\"@id\":\"https:\/\/bcch.com\/?p=261#primaryimage\",\"url\":\"https:\/\/www.bcch.com\/images\/BCCH_logo.jpg\",\"contentUrl\":\"https:\/\/www.bcch.com\/images\/BCCH_logo.jpg\"},{\"@type\":\"BreadcrumbList\",\"@id\":\"https:\/\/bcch.com\/?p=261#breadcrumb\",\"itemListElement\":[{\"@type\":\"ListItem\",\"position\":1,\"name\":\"Home\",\"item\":\"https:\/\/bcch.com\/\"},{\"@type\":\"ListItem\",\"position\":2,\"name\":\"Business Lunch with Guest Speaker Mr L\u00e1szl\u00f3 Tur\u00f3czy, Deputy Secretary of State for economic planning and competitiveness, Ministry for National Economy\"}]},{\"@type\":\"WebSite\",\"@id\":\"https:\/\/bcch.com\/#website\",\"url\":\"https:\/\/bcch.com\/\",\"name\":\"BCCH\",\"description\":\"British Chamber of Commerce in Hungary\",\"potentialAction\":[{\"@type\":\"SearchAction\",\"target\":{\"@type\":\"EntryPoint\",\"urlTemplate\":\"https:\/\/bcch.com\/?s={search_term_string}\"},\"query-input\":{\"@type\":\"PropertyValueSpecification\",\"valueRequired\":true,\"valueName\":\"search_term_string\"}}],\"inLanguage\":\"en-GB\"},{\"@type\":\"Person\",\"@id\":\"https:\/\/bcch.com\/#\/schema\/person\/765ca0c821af61bb6c36c872cd678fb1\",\"name\":\"BCCH\",\"image\":{\"@type\":\"ImageObject\",\"inLanguage\":\"en-GB\",\"@id\":\"https:\/\/bcch.com\/#\/schema\/person\/image\/\",\"url\":\"https:\/\/secure.gravatar.com\/avatar\/9c170d8ffd69a4ec807bfceefdf5e282?s=96&d=blank&r=g\",\"contentUrl\":\"https:\/\/secure.gravatar.com\/avatar\/9c170d8ffd69a4ec807bfceefdf5e282?s=96&d=blank&r=g\",\"caption\":\"BCCH\"},\"url\":\"https:\/\/bcch.com\/?author=1\"}]}<\/script>\n<!-- \/ Yoast SEO plugin. -->","yoast_head_json":{"title":"Business Lunch with Guest Speaker Mr L\u00e1szl\u00f3 Tur\u00f3czy, Deputy Secretary of State for economic planning and competitiveness, Ministry for National Economy - BCCH","robots":{"index":"index","follow":"follow","max-snippet":"max-snippet:-1","max-image-preview":"max-image-preview:large","max-video-preview":"max-video-preview:-1"},"canonical":"https:\/\/bcch.com\/?p=261","og_locale":"en_GB","og_type":"article","og_title":"Business Lunch with Guest Speaker Mr L\u00e1szl\u00f3 Tur\u00f3czy, Deputy Secretary of State for economic planning and competitiveness, Ministry for National Economy - BCCH","og_description":"Date and time:&nbsp;Thursday,&nbsp;25&nbsp;January 2018, 12:00Venue:&nbsp;Kempinski Hotel Corvinus The&nbsp;British Chamber of Commerce in Hungary and the&nbsp;French-Hungarian Chamber of Commerce and Industry and their partners: The&nbsp;Canadian Chamber of Commerce in Hungary,&nbsp;the&nbsp;German-Hungarian Chamber of Industry and Commerce, Joint Venture Association,&nbsp;the&nbsp;Netherlands-Hungarian Chamber of Commerce,&nbsp;and&nbsp;the&nbsp;Italian Chamber of Commerce for Hungary cordially invite you to a Business Lunch with Guest Speaker [&hellip;]","og_url":"https:\/\/bcch.com\/?p=261","og_site_name":"BCCH","article_published_time":"2020-01-28T09:26:56+00:00","og_image":[{"url":"https:\/\/www.bcch.com\/images\/BCCH_logo.jpg","type":"","width":"","height":""}],"author":"BCCH","twitter_card":"summary_large_image","twitter_misc":{"Written by":"BCCH","Estimated reading time":"2 minutes"},"schema":{"@context":"https:\/\/schema.org","@graph":[{"@type":"WebPage","@id":"https:\/\/bcch.com\/?p=261","url":"https:\/\/bcch.com\/?p=261","name":"Business Lunch with Guest Speaker Mr L\u00e1szl\u00f3 Tur\u00f3czy, Deputy Secretary of State for economic planning and competitiveness, Ministry for National Economy - BCCH","isPartOf":{"@id":"https:\/\/bcch.com\/#website"},"primaryImageOfPage":{"@id":"https:\/\/bcch.com\/?p=261#primaryimage"},"image":{"@id":"https:\/\/bcch.com\/?p=261#primaryimage"},"thumbnailUrl":"https:\/\/www.bcch.com\/images\/BCCH_logo.jpg","datePublished":"2020-01-28T09:26:56+00:00","author":{"@id":"https:\/\/bcch.com\/#\/schema\/person\/765ca0c821af61bb6c36c872cd678fb1"},"breadcrumb":{"@id":"https:\/\/bcch.com\/?p=261#breadcrumb"},"inLanguage":"en-GB","potentialAction":[{"@type":"ReadAction","target":["https:\/\/bcch.com\/?p=261"]}]},{"@type":"ImageObject","inLanguage":"en-GB","@id":"https:\/\/bcch.com\/?p=261#primaryimage","url":"https:\/\/www.bcch.com\/images\/BCCH_logo.jpg","contentUrl":"https:\/\/www.bcch.com\/images\/BCCH_logo.jpg"},{"@type":"BreadcrumbList","@id":"https:\/\/bcch.com\/?p=261#breadcrumb","itemListElement":[{"@type":"ListItem","position":1,"name":"Home","item":"https:\/\/bcch.com\/"},{"@type":"ListItem","position":2,"name":"Business Lunch with Guest Speaker Mr L\u00e1szl\u00f3 Tur\u00f3czy, Deputy Secretary of State for economic planning and competitiveness, Ministry for National Economy"}]},{"@type":"WebSite","@id":"https:\/\/bcch.com\/#website","url":"https:\/\/bcch.com\/","name":"BCCH","description":"British Chamber of Commerce in Hungary","potentialAction":[{"@type":"SearchAction","target":{"@type":"EntryPoint","urlTemplate":"https:\/\/bcch.com\/?s={search_term_string}"},"query-input":{"@type":"PropertyValueSpecification","valueRequired":true,"valueName":"search_term_string"}}],"inLanguage":"en-GB"},{"@type":"Person","@id":"https:\/\/bcch.com\/#\/schema\/person\/765ca0c821af61bb6c36c872cd678fb1","name":"BCCH","image":{"@type":"ImageObject","inLanguage":"en-GB","@id":"https:\/\/bcch.com\/#\/schema\/person\/image\/","url":"https:\/\/secure.gravatar.com\/avatar\/9c170d8ffd69a4ec807bfceefdf5e282?s=96&d=blank&r=g","contentUrl":"https:\/\/secure.gravatar.com\/avatar\/9c170d8ffd69a4ec807bfceefdf5e282?s=96&d=blank&r=g","caption":"BCCH"},"url":"https:\/\/bcch.com\/?author=1"}]}},"_links":{"self":[{"href":"https:\/\/bcch.com\/index.php?rest_route=\/wp\/v2\/posts\/261","targetHints":{"allow":["GET"]}}],"collection":[{"href":"https:\/\/bcch.com\/index.php?rest_route=\/wp\/v2\/posts"}],"about":[{"href":"https:\/\/bcch.com\/index.php?rest_route=\/wp\/v2\/types\/post"}],"author":[{"embeddable":true,"href":"https:\/\/bcch.com\/index.php?rest_route=\/wp\/v2\/users\/1"}],"replies":[{"embeddable":true,"href":"https:\/\/bcch.com\/index.php?rest_route=%2Fwp%2Fv2%2Fcomments&post=261"}],"version-history":[{"count":1,"href":"https:\/\/bcch.com\/index.php?rest_route=\/wp\/v2\/posts\/261\/revisions"}],"predecessor-version":[{"id":262,"href":"https:\/\/bcch.com\/index.php?rest_route=\/wp\/v2\/posts\/261\/revisions\/262"}],"wp:attachment":[{"href":"https:\/\/bcch.com\/index.php?rest_route=%2Fwp%2Fv2%2Fmedia&parent=261"}],"wp:term":[{"taxonomy":"category","embeddable":true,"href":"https:\/\/bcch.com\/index.php?rest_route=%2Fwp%2Fv2%2Fcategories&post=261"},{"taxonomy":"post_tag","embeddable":true,"href":"https:\/\/bcch.com\/index.php?rest_route=%2Fwp%2Fv2%2Ftags&post=261"}],"curies":[{"name":"wp","href":"https:\/\/api.w.org\/{rel}","templated":true}]}}