{"id":259,"date":"2020-01-28T10:25:43","date_gmt":"2020-01-28T09:25:43","guid":{"rendered":"http:\/\/teszt1.bcch.com\/?p=259"},"modified":"2020-01-28T10:25:44","modified_gmt":"2020-01-28T09:25:44","slug":"ceo-dinner-with-laszlo-herdon-managing-director-of-the-airport-debrecen-ltd","status":"publish","type":"post","link":"https:\/\/bcch.com\/?p=259","title":{"rendered":"CEO Dinner with L\u00e1szl\u00f3 Herdon, Managing Director of the Airport-Debrecen Ltd."},"content":{"rendered":"\n<h2 class=\"wp-block-heading\"><\/h2>\n\n\n\n<p><strong>Date and time:<\/strong>&nbsp;Tuesday,&nbsp;6&nbsp;February 2018, 18:00&nbsp;<br><strong>Venue:<\/strong>&nbsp;Sofitel Budapest Chain Bridge&nbsp;<\/p>\n\n\n\n<figure class=\"wp-block-image\"><img decoding=\"async\" src=\"https:\/\/www.bcch.com\/images\/BCCH_logo.jpg\" alt=\"\"\/><\/figure>\n\n\n\n<p><strong>Mr L\u00e1szl\u00f3 Herdon,&nbsp;<\/strong><strong>Managing Director of the Airport-Debrecen Ltd.<\/strong>&nbsp;will address a small group of invited BCCH members at the&nbsp;<strong>16th BCCH CEO<\/strong>&nbsp;Dinner on&nbsp;<strong>Tuesday, 28 November 2017&nbsp;<\/strong>at the&nbsp;<strong>Sofitel Budapest Chain Bridge<\/strong>&nbsp;(1051 Budapest, Sz\u00e9chenyi Istv\u00e1n t\u00e9r 2.), starting at 18:00.<\/p>\n\n\n\n<p>The press will not be present at the discussion.<\/p>\n\n\n\n<p>If you are not a Foundation member of the BCCH but wish to receive invitations to the Chamber&#8217;s CEO Dinner series, please see the membership section on the website, or&nbsp;<a href=\"mailto:bcch@bcch.com\">contact the BCCH office<\/a>&nbsp;for more information on how to become a member or upgrade your existing membership.<\/p>\n\n\n\n<p><strong>If you have been invited to the event, please confirm your attendance by Tuesday, 6 February 2018 the latest by clicking on the button below.<\/strong><\/p>\n","protected":false},"excerpt":{"rendered":"<p>Date and time:&nbsp;Tuesday,&nbsp;6&nbsp;February 2018, 18:00&nbsp;Venue:&nbsp;Sofitel Budapest Chain Bridge&nbsp; Mr L\u00e1szl\u00f3 Herdon,&nbsp;Managing Director of the Airport-Debrecen Ltd.&nbsp;will address a small group of invited BCCH members at the&nbsp;16th BCCH CEO&nbsp;Dinner on&nbsp;Tuesday, 28 November 2017&nbsp;at the&nbsp;Sofitel Budapest Chain Bridge&nbsp;(1051 Budapest, Sz\u00e9chenyi Istv\u00e1n t\u00e9r 2.), starting at 18:00. The press will not be present at the discussion. If you [&hellip;]<\/p>\n","protected":false},"author":1,"featured_media":0,"comment_status":"closed","ping_status":"open","sticky":false,"template":"","format":"standard","meta":{"_et_pb_use_builder":"off","_et_pb_old_content":"","_et_gb_content_width":"1080","footnotes":""},"categories":[4],"tags":[],"class_list":["post-259","post","type-post","status-publish","format-standard","hentry","category-events"],"yoast_head":"<!-- This site is optimized with the Yoast SEO plugin v24.7 - https:\/\/yoast.com\/wordpress\/plugins\/seo\/ -->\n<title>CEO Dinner with L\u00e1szl\u00f3 Herdon, Managing Director of the Airport-Debrecen Ltd. - BCCH<\/title>\n<meta name=\"robots\" content=\"index, follow, max-snippet:-1, max-image-preview:large, max-video-preview:-1\" \/>\n<link rel=\"canonical\" href=\"https:\/\/bcch.com\/?p=259\" \/>\n<meta property=\"og:locale\" content=\"en_GB\" \/>\n<meta property=\"og:type\" content=\"article\" \/>\n<meta property=\"og:title\" content=\"CEO Dinner with L\u00e1szl\u00f3 Herdon, Managing Director of the Airport-Debrecen Ltd. - BCCH\" \/>\n<meta property=\"og:description\" content=\"Date and time:&nbsp;Tuesday,&nbsp;6&nbsp;February 2018, 18:00&nbsp;Venue:&nbsp;Sofitel Budapest Chain Bridge&nbsp; Mr L\u00e1szl\u00f3 Herdon,&nbsp;Managing Director of the Airport-Debrecen Ltd.&nbsp;will address a small group of invited BCCH members at the&nbsp;16th BCCH CEO&nbsp;Dinner on&nbsp;Tuesday, 28 November 2017&nbsp;at the&nbsp;Sofitel Budapest Chain Bridge&nbsp;(1051 Budapest, Sz\u00e9chenyi Istv\u00e1n t\u00e9r 2.), starting at 18:00. The press will not be present at the discussion. If you [&hellip;]\" \/>\n<meta property=\"og:url\" content=\"https:\/\/bcch.com\/?p=259\" \/>\n<meta property=\"og:site_name\" content=\"BCCH\" \/>\n<meta property=\"article:published_time\" content=\"2020-01-28T09:25:43+00:00\" \/>\n<meta property=\"article:modified_time\" content=\"2020-01-28T09:25:44+00:00\" \/>\n<meta property=\"og:image\" content=\"https:\/\/www.bcch.com\/images\/BCCH_logo.jpg\" \/>\n<meta name=\"author\" content=\"BCCH\" \/>\n<meta name=\"twitter:card\" content=\"summary_large_image\" \/>\n<meta name=\"twitter:label1\" content=\"Written by\" \/>\n\t<meta name=\"twitter:data1\" content=\"BCCH\" \/>\n\t<meta name=\"twitter:label2\" content=\"Estimated reading time\" \/>\n\t<meta name=\"twitter:data2\" content=\"1 minute\" \/>\n<script type=\"application\/ld+json\" class=\"yoast-schema-graph\">{\"@context\":\"https:\/\/schema.org\",\"@graph\":[{\"@type\":\"WebPage\",\"@id\":\"https:\/\/bcch.com\/?p=259\",\"url\":\"https:\/\/bcch.com\/?p=259\",\"name\":\"CEO Dinner with L\u00e1szl\u00f3 Herdon, Managing Director of the Airport-Debrecen Ltd. - BCCH\",\"isPartOf\":{\"@id\":\"https:\/\/bcch.com\/#website\"},\"primaryImageOfPage\":{\"@id\":\"https:\/\/bcch.com\/?p=259#primaryimage\"},\"image\":{\"@id\":\"https:\/\/bcch.com\/?p=259#primaryimage\"},\"thumbnailUrl\":\"https:\/\/www.bcch.com\/images\/BCCH_logo.jpg\",\"datePublished\":\"2020-01-28T09:25:43+00:00\",\"dateModified\":\"2020-01-28T09:25:44+00:00\",\"author\":{\"@id\":\"https:\/\/bcch.com\/#\/schema\/person\/765ca0c821af61bb6c36c872cd678fb1\"},\"breadcrumb\":{\"@id\":\"https:\/\/bcch.com\/?p=259#breadcrumb\"},\"inLanguage\":\"en-GB\",\"potentialAction\":[{\"@type\":\"ReadAction\",\"target\":[\"https:\/\/bcch.com\/?p=259\"]}]},{\"@type\":\"ImageObject\",\"inLanguage\":\"en-GB\",\"@id\":\"https:\/\/bcch.com\/?p=259#primaryimage\",\"url\":\"https:\/\/www.bcch.com\/images\/BCCH_logo.jpg\",\"contentUrl\":\"https:\/\/www.bcch.com\/images\/BCCH_logo.jpg\"},{\"@type\":\"BreadcrumbList\",\"@id\":\"https:\/\/bcch.com\/?p=259#breadcrumb\",\"itemListElement\":[{\"@type\":\"ListItem\",\"position\":1,\"name\":\"Home\",\"item\":\"https:\/\/bcch.com\/\"},{\"@type\":\"ListItem\",\"position\":2,\"name\":\"CEO Dinner with L\u00e1szl\u00f3 Herdon, Managing Director of the Airport-Debrecen Ltd.\"}]},{\"@type\":\"WebSite\",\"@id\":\"https:\/\/bcch.com\/#website\",\"url\":\"https:\/\/bcch.com\/\",\"name\":\"BCCH\",\"description\":\"British Chamber of Commerce in Hungary\",\"potentialAction\":[{\"@type\":\"SearchAction\",\"target\":{\"@type\":\"EntryPoint\",\"urlTemplate\":\"https:\/\/bcch.com\/?s={search_term_string}\"},\"query-input\":{\"@type\":\"PropertyValueSpecification\",\"valueRequired\":true,\"valueName\":\"search_term_string\"}}],\"inLanguage\":\"en-GB\"},{\"@type\":\"Person\",\"@id\":\"https:\/\/bcch.com\/#\/schema\/person\/765ca0c821af61bb6c36c872cd678fb1\",\"name\":\"BCCH\",\"image\":{\"@type\":\"ImageObject\",\"inLanguage\":\"en-GB\",\"@id\":\"https:\/\/bcch.com\/#\/schema\/person\/image\/\",\"url\":\"https:\/\/secure.gravatar.com\/avatar\/9c170d8ffd69a4ec807bfceefdf5e282?s=96&d=blank&r=g\",\"contentUrl\":\"https:\/\/secure.gravatar.com\/avatar\/9c170d8ffd69a4ec807bfceefdf5e282?s=96&d=blank&r=g\",\"caption\":\"BCCH\"},\"url\":\"https:\/\/bcch.com\/?author=1\"}]}<\/script>\n<!-- \/ Yoast SEO plugin. -->","yoast_head_json":{"title":"CEO Dinner with L\u00e1szl\u00f3 Herdon, Managing Director of the Airport-Debrecen Ltd. - BCCH","robots":{"index":"index","follow":"follow","max-snippet":"max-snippet:-1","max-image-preview":"max-image-preview:large","max-video-preview":"max-video-preview:-1"},"canonical":"https:\/\/bcch.com\/?p=259","og_locale":"en_GB","og_type":"article","og_title":"CEO Dinner with L\u00e1szl\u00f3 Herdon, Managing Director of the Airport-Debrecen Ltd. - BCCH","og_description":"Date and time:&nbsp;Tuesday,&nbsp;6&nbsp;February 2018, 18:00&nbsp;Venue:&nbsp;Sofitel Budapest Chain Bridge&nbsp; Mr L\u00e1szl\u00f3 Herdon,&nbsp;Managing Director of the Airport-Debrecen Ltd.&nbsp;will address a small group of invited BCCH members at the&nbsp;16th BCCH CEO&nbsp;Dinner on&nbsp;Tuesday, 28 November 2017&nbsp;at the&nbsp;Sofitel Budapest Chain Bridge&nbsp;(1051 Budapest, Sz\u00e9chenyi Istv\u00e1n t\u00e9r 2.), starting at 18:00. The press will not be present at the discussion. If you [&hellip;]","og_url":"https:\/\/bcch.com\/?p=259","og_site_name":"BCCH","article_published_time":"2020-01-28T09:25:43+00:00","article_modified_time":"2020-01-28T09:25:44+00:00","og_image":[{"url":"https:\/\/www.bcch.com\/images\/BCCH_logo.jpg","type":"","width":"","height":""}],"author":"BCCH","twitter_card":"summary_large_image","twitter_misc":{"Written by":"BCCH","Estimated reading time":"1 minute"},"schema":{"@context":"https:\/\/schema.org","@graph":[{"@type":"WebPage","@id":"https:\/\/bcch.com\/?p=259","url":"https:\/\/bcch.com\/?p=259","name":"CEO Dinner with L\u00e1szl\u00f3 Herdon, Managing Director of the Airport-Debrecen Ltd. - BCCH","isPartOf":{"@id":"https:\/\/bcch.com\/#website"},"primaryImageOfPage":{"@id":"https:\/\/bcch.com\/?p=259#primaryimage"},"image":{"@id":"https:\/\/bcch.com\/?p=259#primaryimage"},"thumbnailUrl":"https:\/\/www.bcch.com\/images\/BCCH_logo.jpg","datePublished":"2020-01-28T09:25:43+00:00","dateModified":"2020-01-28T09:25:44+00:00","author":{"@id":"https:\/\/bcch.com\/#\/schema\/person\/765ca0c821af61bb6c36c872cd678fb1"},"breadcrumb":{"@id":"https:\/\/bcch.com\/?p=259#breadcrumb"},"inLanguage":"en-GB","potentialAction":[{"@type":"ReadAction","target":["https:\/\/bcch.com\/?p=259"]}]},{"@type":"ImageObject","inLanguage":"en-GB","@id":"https:\/\/bcch.com\/?p=259#primaryimage","url":"https:\/\/www.bcch.com\/images\/BCCH_logo.jpg","contentUrl":"https:\/\/www.bcch.com\/images\/BCCH_logo.jpg"},{"@type":"BreadcrumbList","@id":"https:\/\/bcch.com\/?p=259#breadcrumb","itemListElement":[{"@type":"ListItem","position":1,"name":"Home","item":"https:\/\/bcch.com\/"},{"@type":"ListItem","position":2,"name":"CEO Dinner with L\u00e1szl\u00f3 Herdon, Managing Director of the Airport-Debrecen Ltd."}]},{"@type":"WebSite","@id":"https:\/\/bcch.com\/#website","url":"https:\/\/bcch.com\/","name":"BCCH","description":"British Chamber of Commerce in Hungary","potentialAction":[{"@type":"SearchAction","target":{"@type":"EntryPoint","urlTemplate":"https:\/\/bcch.com\/?s={search_term_string}"},"query-input":{"@type":"PropertyValueSpecification","valueRequired":true,"valueName":"search_term_string"}}],"inLanguage":"en-GB"},{"@type":"Person","@id":"https:\/\/bcch.com\/#\/schema\/person\/765ca0c821af61bb6c36c872cd678fb1","name":"BCCH","image":{"@type":"ImageObject","inLanguage":"en-GB","@id":"https:\/\/bcch.com\/#\/schema\/person\/image\/","url":"https:\/\/secure.gravatar.com\/avatar\/9c170d8ffd69a4ec807bfceefdf5e282?s=96&d=blank&r=g","contentUrl":"https:\/\/secure.gravatar.com\/avatar\/9c170d8ffd69a4ec807bfceefdf5e282?s=96&d=blank&r=g","caption":"BCCH"},"url":"https:\/\/bcch.com\/?author=1"}]}},"_links":{"self":[{"href":"https:\/\/bcch.com\/index.php?rest_route=\/wp\/v2\/posts\/259","targetHints":{"allow":["GET"]}}],"collection":[{"href":"https:\/\/bcch.com\/index.php?rest_route=\/wp\/v2\/posts"}],"about":[{"href":"https:\/\/bcch.com\/index.php?rest_route=\/wp\/v2\/types\/post"}],"author":[{"embeddable":true,"href":"https:\/\/bcch.com\/index.php?rest_route=\/wp\/v2\/users\/1"}],"replies":[{"embeddable":true,"href":"https:\/\/bcch.com\/index.php?rest_route=%2Fwp%2Fv2%2Fcomments&post=259"}],"version-history":[{"count":1,"href":"https:\/\/bcch.com\/index.php?rest_route=\/wp\/v2\/posts\/259\/revisions"}],"predecessor-version":[{"id":260,"href":"https:\/\/bcch.com\/index.php?rest_route=\/wp\/v2\/posts\/259\/revisions\/260"}],"wp:attachment":[{"href":"https:\/\/bcch.com\/index.php?rest_route=%2Fwp%2Fv2%2Fmedia&parent=259"}],"wp:term":[{"taxonomy":"category","embeddable":true,"href":"https:\/\/bcch.com\/index.php?rest_route=%2Fwp%2Fv2%2Fcategories&post=259"},{"taxonomy":"post_tag","embeddable":true,"href":"https:\/\/bcch.com\/index.php?rest_route=%2Fwp%2Fv2%2Ftags&post=259"}],"curies":[{"name":"wp","href":"https:\/\/api.w.org\/{rel}","templated":true}]}}